{"id":2715,"date":"2019-08-01T13:00:59","date_gmt":"2019-08-01T18:00:59","guid":{"rendered":"http:\/\/www.zonaroja.com.mx\/?p=2715"},"modified":"2019-08-01T13:38:49","modified_gmt":"2019-08-01T18:38:49","slug":"usa-alcaldesa-de-san-jacinto-amilpas-a-guardia-nacional-para-recuperar-palacio","status":"publish","type":"post","link":"https:\/\/zonaroja.com.mx\/?p=2715","title":{"rendered":"Usa alcaldesa de San Jacinto Amilpas a Guardia Nacional para recuperar palacio"},"content":{"rendered":"\n<p>Redacci\u00f3n<\/p>\n\n\n\n<p>Oaxaca de Ju\u00e1rez, Oax., 1 de agosto de 2019.- La presidenta\nmunicipal de San Jacinto Amilpas, Yolanda Santos Monta\u00f1o, us\u00f3 la ma\u00f1ana de este\njueves a la Guardia Nacional para recuperar el palacio municipal y la Casa de\nla Cultura.<\/p>\n\n\n\n<p>En tanto, dos regidoras denunciaron que se mantiene el riego\nde ingobernabilidad en la localidad conurbada a la capital de Oaxaca, debido a\nla violencia suscitada el fin de semana pasado y que aseguran ocasion\u00f3 una\nfractura al interior de la administraci\u00f3n. <\/p>\n\n\n\n<p>M\u00f3nica Morales y Gisela Lilia P\u00e9rez Garc\u00eda, concejales de\nIgualdad de G\u00e9nero y de Hacienda respectivamente, dieron a conocer que hace\nunas horas ingres\u00f3 al palacio municipal&nbsp;\nla Guardia Nacional y Polic\u00eda Estatal, situaci\u00f3n que aseguran no debe\nser as\u00ed, ya que est\u00e1n tomando partido a favor de la presidenta municipal,\nsurgida del Partido Morena.<\/p>\n\n\n\n<p>Denunciaron que la problem\u00e1tica postelectoral en el\nmunicipio no ha sido atendida de forma responsable, por el contrario se han\nminimizado la serie de agresiones que se han generado en los \u00faltimos meses. <\/p>\n\n\n\n<p>\u201cDesafortunadamente sabemos que existen intereses pol\u00edticos\ny actores que respaldan injusticias, la poblaci\u00f3n ha solicitado de varias\nformas una mesa de di\u00e1logo para solicitar la unificaci\u00f3n de los 10 concejales\nque conformamos el ayuntamiento\u201d, dijo Gisela P\u00e9rez.<\/p>\n\n\n\n<p>Ambas regidoras responsabilizaron a la alcaldesa Yolanda Santos de los hechos violentos y de abuso de autoridad del fin de semana, al intentar disolver una protesta leg\u00edtima y pac\u00edfica encabezada por habitantes de la localidad<\/p>\n\n\n\n<figure class=\"wp-block-embed-twitter wp-block-embed is-type-rich is-provider-twitter\"><div class=\"wp-block-embed__wrapper\">\n<div class=\"twitter-tweet\"><blockquote class=\"twitter-tweet\" data-lang=\"es\"><p lang=\"es\" dir=\"ltr\"><a href=\"https:\/\/twitter.com\/hashtag\/OaxacaGris?src=hash&amp;ref_src=twsrc%5Etfw\">#OaxacaGris<\/a><br>Con el apoyo de la Guardia Nacional, este d\u00eda la alcaldesa de San Jacinto Amilpas, <a href=\"https:\/\/twitter.com\/Yolanda_SanMon?ref_src=twsrc%5Etfw\">@Yolanda_SanMon<\/a>, recuper\u00f3 el palacio municipal y la casa de la cultura, cerrados por regidoras que se oponen a su gesti\u00f3n. <a href=\"https:\/\/t.co\/v1nWezilqe\">pic.twitter.com\/v1nWezilqe<\/a><\/p>&mdash; Zona Roja Oaxaca (@MexRoja) <a href=\"https:\/\/twitter.com\/MexRoja\/status\/1156993737484046336?ref_src=twsrc%5Etfw\">1 de agosto de 2019<\/a><\/blockquote><\/div>\n<\/div><\/figure>\n\n\n\n<p>As\u00ed mismo, al s\u00edndico municipal \u00c1lvaro Alberto Ram\u00edrez\nHern\u00e1ndez y al asesor de la presidenta municipal, Edwin Emanuel Serrano Ramos,\nquienes se\u00f1alaron a los manifestantes para que los elementos de seguridad\nestatal y federal actuaran en su contra y los tratar\u00e1n como delincuentes &nbsp;<\/p>\n\n\n\n<p>\u201cAqu\u00ed existen intereses pol\u00edticos, me da mucha verg\u00fcenza\ndecirlo p\u00fablicamente pero es la verdad, diputados est\u00e1n metidos y utilizan a la\nPolic\u00eda Estatal y la Guardia Nacional en el conflicto\u201d, manifest\u00f3 P\u00e9rez Garc\u00eda.\n<\/p>\n\n\n\n<p>Record\u00f3 que existe una propuesta de revocaci\u00f3n del mandato\nal interior del Congreso local para que atraiga la atenci\u00f3n del conflicto, as\u00ed\ncomo es desconocimiento del gobierno del estado la problem\u00e1tica por lo que\ninsistieron a ambos poderes tomar cartas en el asunto. <\/p>\n\n\n\n<p>Finalmente ambas regidoras denunciaron la permanencia de\namenazas en su contra por ponerse del lado del pueblo y no de la presidenta\nmunicipal, quien ha impugnado en reiteradas ocasiones para evitar reconocerlas\ncomo integrantes del Cabildo, pese a los fallos de los tribunales a favores de\nlas regidoras.<\/p>\n\n\n\n<p>\u201cEl d\u00eda de hoy responsabiliz\u00f3 a Yolanda Adelaida Santos\nMonta\u00f1o, a \u00c1lvaro que es el s\u00edndico municipal y a Edwin Emanuel Serrano Ramos\nquien mecha estado acosando y amenazando\u201c, concluy\u00f3 M\u00f3nica Morales.<\/p>\n","protected":false},"excerpt":{"rendered":"<p>Redacci\u00f3n Oaxaca de Ju\u00e1rez, Oax., 1 de agosto de 2019.- La presidenta municipal de San&hellip;<\/p>\n","protected":false},"author":2,"featured_media":2716,"comment_status":"closed","ping_status":"open","sticky":false,"template":"","format":"standard","meta":{"_lmt_disableupdate":"","_lmt_disable":"","_jetpack_memberships_contains_paid_content":false,"footnotes":""},"categories":[109,47],"tags":[449],"class_list":["post-2715","post","type-post","status-publish","format-standard","has-post-thumbnail","hentry","category-minuto-a-minuto","category-zona-gris","tag-recupera-guardia-nacional-palacio-de-san-jacinto-amilpas"],"jetpack_featured_media_url":"https:\/\/zonaroja.com.mx\/wp-content\/uploads\/2019\/08\/bc86ef55-a94d-4dfc-a4e8-0978d2e1cece.jpg","jetpack_sharing_enabled":true,"_links":{"self":[{"href":"https:\/\/zonaroja.com.mx\/index.php?rest_route=\/wp\/v2\/posts\/2715","targetHints":{"allow":["GET"]}}],"collection":[{"href":"https:\/\/zonaroja.com.mx\/index.php?rest_route=\/wp\/v2\/posts"}],"about":[{"href":"https:\/\/zonaroja.com.mx\/index.php?rest_route=\/wp\/v2\/types\/post"}],"author":[{"embeddable":true,"href":"https:\/\/zonaroja.com.mx\/index.php?rest_route=\/wp\/v2\/users\/2"}],"replies":[{"embeddable":true,"href":"https:\/\/zonaroja.com.mx\/index.php?rest_route=%2Fwp%2Fv2%2Fcomments&post=2715"}],"version-history":[{"count":2,"href":"https:\/\/zonaroja.com.mx\/index.php?rest_route=\/wp\/v2\/posts\/2715\/revisions"}],"predecessor-version":[{"id":2721,"href":"https:\/\/zonaroja.com.mx\/index.php?rest_route=\/wp\/v2\/posts\/2715\/revisions\/2721"}],"wp:featuredmedia":[{"embeddable":true,"href":"https:\/\/zonaroja.com.mx\/index.php?rest_route=\/wp\/v2\/media\/2716"}],"wp:attachment":[{"href":"https:\/\/zonaroja.com.mx\/index.php?rest_route=%2Fwp%2Fv2%2Fmedia&parent=2715"}],"wp:term":[{"taxonomy":"category","embeddable":true,"href":"https:\/\/zonaroja.com.mx\/index.php?rest_route=%2Fwp%2Fv2%2Fcategories&post=2715"},{"taxonomy":"post_tag","embeddable":true,"href":"https:\/\/zonaroja.com.mx\/index.php?rest_route=%2Fwp%2Fv2%2Ftags&post=2715"}],"curies":[{"name":"wp","href":"https:\/\/api.w.org\/{rel}","templated":true}]}}