{"id":27152,"date":"2021-05-12T20:10:01","date_gmt":"2021-05-13T01:10:01","guid":{"rendered":"http:\/\/www.zonaroja.com.mx\/?p=27152"},"modified":"2021-05-12T20:10:05","modified_gmt":"2021-05-13T01:10:05","slug":"tras-convocar-a-asamblea-de-s-22-sectorial-del-istmo-rechaza-a-wilbert-santiago","status":"publish","type":"post","link":"https:\/\/zonaroja.com.mx\/?p=27152","title":{"rendered":"Tras convocar a asamblea de S-22, sectorial del Istmo rechaza a Wilbert Santiago"},"content":{"rendered":"\n<p>Redacci\u00f3n\/Zona Roja.<\/p>\n\n\n\n<p>Oaxaca de Ju\u00e1rez, Oax., a 12 de mayo de 2021.- Tras convocar ayer a una asamblea de la Secci\u00f3n 22 del SNTE, el sectorial del Istmo y otros organismos rechazaron a Wilbert Santiago Valdivieso, y lo acusaron de dividir a la gremial.<\/p>\n\n\n\n<p>A trav\u00e9s de un comunicado, lo desconocieron tambi\u00e9n como secretario de Prensa y Propaganda del Comit\u00e9 Ejecutivo Seccional, por \u201ctraicionar a las bases\u201d.<\/p>\n\n\n\n<p>Y es que ayer martes, Wilbert Santiago y otras representaciones efectuaron una asamblea en el auditorio Enedino Jim\u00e9nez de la Secci\u00f3n 22 del SNTE, para elegir delegados a un encuentro nacional de la Coordinadora Nacional de Trabajadores de la Educaci\u00f3n (CNTE) a efectuarse este fin de semana en Chiapas.<\/p>\n\n\n\n<p>Por ello, emitieron un documento en que critican la actuaci\u00f3n del a\u00fan integrante de la dirigencia de la gremial, a quien acusan adem\u00e1s de estar vinculado a la organizaci\u00f3n Frente Unido de Comunidades Oaxaque\u00f1as (FUCO), vinculada al senador de Morena Salom\u00f3n Jara Cruz.<\/p>\n\n\n\n<p>Tambi\u00e9n le reclaman haber firmado convocatorias a las bases sin estar facultado para ello, en una clara muestra de abuso de funciones sindicales.<\/p>\n\n\n\n<p>\u201cDesconocemos a partir de esta fecha al compa\u00f1ero Wilbert Santiago Valdivieso como integrante de la Comisi\u00f3n Pol\u00edtica por la regi\u00f3n del Istmo (\u2026) Solicitamos a la Comisi\u00f3n Pol\u00edtica de la Secci\u00f3n XXII, hacer operativo en lo inmediato este acuerdo de desconocimiento acordado por el CES de la regi\u00f3n hasta que la Asamblea Regional determine lo procedente con este desconocimiento\u201d, precisaron.<\/p>\n\n\n\n<p>En recientes fechas, se ha se\u00f1alado a Wilbert Santiago como a la Uni\u00f3n de Trabajadores de la Educaci\u00f3n (UTE) y al Frente Popular Revolucionario de financiar y promover las acciones radicales de estudiantes normalistas, que adem\u00e1s agredieron a periodistas.<\/p>\n\n\n\n<p>El pronunciamiento contra Wilbert Santiago lo firman Jos\u00e9 Carlos L\u00f3pez Alonso, titular de la Secretaria de Finanzas; Leoncio Rogelio V\u00e1squez Valverde, representante sector Salina Cruz; Mariano V\u00e1squez Morales, representante sector Tehuantepec; Chamil Castillo Mart\u00ednez, representante sector Juchit\u00e1n; H\u00e9ctor Guerra de la Cruz, regional sector Ixtepec.<\/p>\n\n\n\n<p>Alberto Estudillo Mendoza, representante sector Mat\u00edas Romero; Miguel Cruz L\u00f3pez, representante sector Reforma de Pineda; Carlos Cruz L\u00f3pez, auxiliar de la Secretar\u00eda de Organizaci\u00f3n; Fernando L\u00f3pez Mel\u00e9ndez, secretario de Actas y Acuerdos; Jorge Luis Flores Rivera, auxiliar de la Secretar\u00eda de Vivienda; Francisco L\u00f3pez L\u00f3pez, titular de Trabajos y conflictos del nivel de Telesecundarias.<\/p>\n\n\n\n<p>Adem\u00e1s, Mar\u00eda de los \u00c1ngeles Garc\u00eda L\u00f3pez, auxiliar de la Secretar\u00eda de Trabajos y Conflictos del nivel de Preescolar; Yolanda Ram\u00edrez Iturbe, auxiliar de la Secretar\u00eda de Trabajos y Conflictos del nivel de Educaci\u00f3n Ind\u00edgena; Martha Lidia Santiago Antonio, auxiliar de la Presidencia del PRETEO; Juan Carlos Michi Conde, auxiliar del Nivel de Homologados CETMAR; Christian Morales Cruz, auxiliar del CEPOS 22 regi\u00f3n Istmo; William Santiago Luis, auxiliar de la secretaria de Asuntos Jur\u00eddicos; y Francisco Javier, integrante de la CETEO regi\u00f3n Istmo.<\/p>\n","protected":false},"excerpt":{"rendered":"<p>Redacci\u00f3n\/Zona Roja. Oaxaca de Ju\u00e1rez, Oax., a 12 de mayo de 2021.- Tras convocar ayer&hellip;<\/p>\n","protected":false},"author":2,"featured_media":27153,"comment_status":"closed","ping_status":"open","sticky":false,"template":"","format":"standard","meta":{"_lmt_disableupdate":"","_lmt_disable":"","_jetpack_memberships_contains_paid_content":false,"footnotes":""},"categories":[109,47],"tags":[312,1134],"class_list":["post-27152","post","type-post","status-publish","format-standard","has-post-thumbnail","hentry","category-minuto-a-minuto","category-zona-gris","tag-seccion-22-del-snte","tag-wilbert-santiago-valdivieso"],"jetpack_featured_media_url":"https:\/\/zonaroja.com.mx\/wp-content\/uploads\/2021\/05\/Sectorial-Istmo-Wilbert-.jpg","jetpack_sharing_enabled":true,"_links":{"self":[{"href":"https:\/\/zonaroja.com.mx\/index.php?rest_route=\/wp\/v2\/posts\/27152","targetHints":{"allow":["GET"]}}],"collection":[{"href":"https:\/\/zonaroja.com.mx\/index.php?rest_route=\/wp\/v2\/posts"}],"about":[{"href":"https:\/\/zonaroja.com.mx\/index.php?rest_route=\/wp\/v2\/types\/post"}],"author":[{"embeddable":true,"href":"https:\/\/zonaroja.com.mx\/index.php?rest_route=\/wp\/v2\/users\/2"}],"replies":[{"embeddable":true,"href":"https:\/\/zonaroja.com.mx\/index.php?rest_route=%2Fwp%2Fv2%2Fcomments&post=27152"}],"version-history":[{"count":1,"href":"https:\/\/zonaroja.com.mx\/index.php?rest_route=\/wp\/v2\/posts\/27152\/revisions"}],"predecessor-version":[{"id":27154,"href":"https:\/\/zonaroja.com.mx\/index.php?rest_route=\/wp\/v2\/posts\/27152\/revisions\/27154"}],"wp:featuredmedia":[{"embeddable":true,"href":"https:\/\/zonaroja.com.mx\/index.php?rest_route=\/wp\/v2\/media\/27153"}],"wp:attachment":[{"href":"https:\/\/zonaroja.com.mx\/index.php?rest_route=%2Fwp%2Fv2%2Fmedia&parent=27152"}],"wp:term":[{"taxonomy":"category","embeddable":true,"href":"https:\/\/zonaroja.com.mx\/index.php?rest_route=%2Fwp%2Fv2%2Fcategories&post=27152"},{"taxonomy":"post_tag","embeddable":true,"href":"https:\/\/zonaroja.com.mx\/index.php?rest_route=%2Fwp%2Fv2%2Ftags&post=27152"}],"curies":[{"name":"wp","href":"https:\/\/api.w.org\/{rel}","templated":true}]}}