{"id":27155,"date":"2021-05-12T21:31:20","date_gmt":"2021-05-13T02:31:20","guid":{"rendered":"http:\/\/www.zonaroja.com.mx\/?p=27155"},"modified":"2021-05-12T21:31:23","modified_gmt":"2021-05-13T02:31:23","slug":"condenan-desde-congreso-agresion-contra-activistas-de-martinez-neri","status":"publish","type":"post","link":"https:\/\/zonaroja.com.mx\/?p=27155","title":{"rendered":"Condenan desde Congreso agresi\u00f3n contra activistas de Mart\u00ednez Neri"},"content":{"rendered":"\n<p>Redacci\u00f3n\/Zona Roja.<\/p>\n\n\n\n<p>Oaxaca de Ju\u00e1rez, Oax., 12 de mayo de 2021.-Los legisladores Magaly L\u00f3pez Dom\u00ednguez y C\u00e9sar Morales Ni\u00f1o, condenaron hoy la agresi\u00f3n contra activistas del Partido Morena, durante la jornada proselitista en apoyo a Francisco Mart\u00ednez Neri, candidato a edil de Oaxaca de Ju\u00e1rez.<\/p>\n\n\n\n<p>Seg\u00fan expusieron por separado en tribuna, en la sesi\u00f3n ordinaria de la Diputaci\u00f3n Permanente de la 64 Legislatura, los hechos sucedieron el pasado domingo 9 de mayo en la agencia de Montoya de la capital.<\/p>\n\n\n\n<p>En su intervenci\u00f3n, la diputada Magaly L\u00f3pez exigi\u00f3 investigar y castigar a responsables de agresiones a los brigadistas y llam\u00f3 al gobernador Alejandro Murat que se abstenga de interferir en las elecciones del pr\u00f3ximo 6 de junio, y vigile que sus subordinados acaten dicha medida.<\/p>\n\n\n\n<figure class=\"wp-block-embed-twitter wp-block-embed is-type-rich is-provider-twitter\"><div class=\"wp-block-embed__wrapper\">\n<div class=\"twitter-tweet\"><blockquote class=\"twitter-tweet\" data-lang=\"es\"><p lang=\"es\" dir=\"ltr\"><a href=\"https:\/\/twitter.com\/hashtag\/%C3%9AltimoMinuto?src=hash&amp;ref_src=twsrc%5Etfw\">#\u00daltimoMinuto<\/a> <br>La legisladora por Morena, <a href=\"https:\/\/twitter.com\/Magaly_LopezOax?ref_src=twsrc%5Etfw\">@Magaly_LopezOax<\/a>, tambi\u00e9n se pronunci\u00f3 contra el ataque a brigadistas de la campa\u00f1a de <a href=\"https:\/\/twitter.com\/FMartinezNeri?ref_src=twsrc%5Etfw\">@FMartinezNeri<\/a> y exigi\u00f3 al <a href=\"https:\/\/twitter.com\/GobOax?ref_src=twsrc%5Etfw\">@GobOax<\/a> un alto a la violencia en el proceso electoral, pues \u00e9ste no es el \u00fanico que ocurre. <a href=\"https:\/\/t.co\/QMln0KGUeC\">pic.twitter.com\/QMln0KGUeC<\/a><\/p>&mdash; Zona Roja Oaxaca (@Zona_Roja_Oax) <a href=\"https:\/\/twitter.com\/Zona_Roja_Oax\/status\/1392526862014898187?ref_src=twsrc%5Etfw\">12 de mayo de 2021<\/a><\/blockquote><\/div>\n<\/div><\/figure>\n\n\n\n<p>Por ello, present\u00f3 un Punto de Acuerdo, mediante el cual solicita a la Fiscal\u00eda General del Estado de Oaxaca (FGEO) que haga una investigaci\u00f3n pronta, expedita, completa e imparcial, que lleve ante la justicia a los autores materiales e intelectuales de las agresiones.<\/p>\n\n\n\n<p>De igual forma llam\u00f3 a la Fiscal\u00eda General de la Rep\u00fablica (FGR), a que instruya a la Fiscal\u00eda Especializada en Delitos Electorales (FEDE) tomar conocimiento de las agresiones, para perseguir los delitos electorales que se configuren.<\/p>\n\n\n\n<p>Solicit\u00f3 al Poder Ejecutivo del estado, que en coordinaci\u00f3n con las autoridades federales establezca las condiciones de seguridad necesarias para que el pueblo est\u00e9 en posibilidades reales de ejercer sus derechos civiles y pol\u00edticos, garantizando la libertad y la seguridad personales de las y los activistas de Morena.<\/p>\n\n\n\n<p>BRUTALIDAD Y SALVAJISTMO<\/p>\n\n\n\n<p>\u201cBasta ya de violencia pol\u00edtica\u201d, dijo en su turno, el legislador C\u00e9sar Morales Ni\u00f1o, quien precis\u00f3 que una mujer tiene fractura en una de las costillas y a\u00fan se mantiene convaleciente.<\/p>\n\n\n\n<figure class=\"wp-block-embed-twitter wp-block-embed is-type-rich is-provider-twitter\"><div class=\"wp-block-embed__wrapper\">\n<div class=\"twitter-tweet\"><blockquote class=\"twitter-tweet\" data-lang=\"es\"><p lang=\"es\" dir=\"ltr\"><a href=\"https:\/\/twitter.com\/hashtag\/%C3%9AltimoMinuto?src=hash&amp;ref_src=twsrc%5Etfw\">#\u00daltimoMinuto<\/a> <br>En la sesi\u00f3n de la Diputaci\u00f3n Permanente del <a href=\"https:\/\/twitter.com\/CongresoOaxLXIV?ref_src=twsrc%5Etfw\">@CongresoOaxLXIV<\/a>, el legislador <a href=\"https:\/\/twitter.com\/cesarmoralesn?ref_src=twsrc%5Etfw\">@cesarmoralesn<\/a> conden\u00f3 la agresi\u00f3n contra brigadistas de Morena, de la campa\u00f1a de <a href=\"https:\/\/twitter.com\/FMartinezNeri?ref_src=twsrc%5Etfw\">@FMartinezNeri<\/a>, registrada el fin de semana, y pidi\u00f3 a la <a href=\"https:\/\/twitter.com\/FISCALIA_GobOax?ref_src=twsrc%5Etfw\">@FISCALIA_GobOax<\/a> que indague los hechos. <a href=\"https:\/\/t.co\/k3CfwiaOFn\">pic.twitter.com\/k3CfwiaOFn<\/a><\/p>&mdash; Zona Roja Oaxaca (@Zona_Roja_Oax) <a href=\"https:\/\/twitter.com\/Zona_Roja_Oax\/status\/1392524765114548227?ref_src=twsrc%5Etfw\">12 de mayo de 2021<\/a><\/blockquote><\/div>\n<\/div><\/figure>\n\n\n\n<p>\u201cUn grupo de personas atac\u00f3 a los integrantes de campa\u00f1a de Francisco Mart\u00ednez Neri; los rodearon, les quitaron la publicidad, les robaron sus tel\u00e9fonos celulares y los agredieron f\u00edsica y verbalmente; adem\u00e1s los amenazaron para que no volvieran a la zona.<\/p>\n\n\n\n<p>\u201cEstos actos de brutalidad y salvajismo deben ser investigados y severamente castigados, el clima de violencia pol\u00edtica no puede seguir reinando en las campa\u00f1as; se debe perseguir y erradicar la violencia, actos como los de Montoya no pueden repetirse\u201d, remarc\u00f3 en su mensaje.<\/p>\n\n\n\n<p>Exigi\u00f3 tambi\u00e9n a la Fiscal\u00eda General que se investigue y se sancione a los autores materiales e intelectuales de la agresi\u00f3n; adem\u00e1s, present\u00f3 un Punto de Acuerdo, en que se propone que el Congreso local exhorte al Instituto Estatal Electoral y de Participaci\u00f3n Ciudadana para que solicite la seguridad a los candidatos, de todos los partidos sin distinci\u00f3n.<\/p>\n\n\n\n<p>\u00abLos violentos, los que le apuestan a la la confrontaci\u00f3n para desalentar la participaci\u00f3n ciudadana, deben ser derrotados por la ciudadan\u00eda, que acudir\u00e1 pac\u00edficamente a las urnas y ejercer\u00e1 su derecho al voto en paz\u00bb, expres\u00f3.<\/p>\n","protected":false},"excerpt":{"rendered":"<p>Redacci\u00f3n\/Zona Roja. Oaxaca de Ju\u00e1rez, Oax., 12 de mayo de 2021.-Los legisladores Magaly L\u00f3pez Dom\u00ednguez&hellip;<\/p>\n","protected":false},"author":2,"featured_media":27156,"comment_status":"closed","ping_status":"open","sticky":false,"template":"","format":"standard","meta":{"_lmt_disableupdate":"","_lmt_disable":"","_jetpack_memberships_contains_paid_content":false,"footnotes":""},"categories":[109,46],"tags":[612,192],"class_list":["post-27155","post","type-post","status-publish","format-standard","has-post-thumbnail","hentry","category-minuto-a-minuto","category-zona-blanca","tag-cesar-morales-nino","tag-diputada-magaly-lopez-dominguez"],"jetpack_featured_media_url":"https:\/\/zonaroja.com.mx\/wp-content\/uploads\/2021\/05\/Magaly-Lopez-y-Cesar-Morales.jpg","jetpack_sharing_enabled":true,"_links":{"self":[{"href":"https:\/\/zonaroja.com.mx\/index.php?rest_route=\/wp\/v2\/posts\/27155","targetHints":{"allow":["GET"]}}],"collection":[{"href":"https:\/\/zonaroja.com.mx\/index.php?rest_route=\/wp\/v2\/posts"}],"about":[{"href":"https:\/\/zonaroja.com.mx\/index.php?rest_route=\/wp\/v2\/types\/post"}],"author":[{"embeddable":true,"href":"https:\/\/zonaroja.com.mx\/index.php?rest_route=\/wp\/v2\/users\/2"}],"replies":[{"embeddable":true,"href":"https:\/\/zonaroja.com.mx\/index.php?rest_route=%2Fwp%2Fv2%2Fcomments&post=27155"}],"version-history":[{"count":1,"href":"https:\/\/zonaroja.com.mx\/index.php?rest_route=\/wp\/v2\/posts\/27155\/revisions"}],"predecessor-version":[{"id":27157,"href":"https:\/\/zonaroja.com.mx\/index.php?rest_route=\/wp\/v2\/posts\/27155\/revisions\/27157"}],"wp:featuredmedia":[{"embeddable":true,"href":"https:\/\/zonaroja.com.mx\/index.php?rest_route=\/wp\/v2\/media\/27156"}],"wp:attachment":[{"href":"https:\/\/zonaroja.com.mx\/index.php?rest_route=%2Fwp%2Fv2%2Fmedia&parent=27155"}],"wp:term":[{"taxonomy":"category","embeddable":true,"href":"https:\/\/zonaroja.com.mx\/index.php?rest_route=%2Fwp%2Fv2%2Fcategories&post=27155"},{"taxonomy":"post_tag","embeddable":true,"href":"https:\/\/zonaroja.com.mx\/index.php?rest_route=%2Fwp%2Fv2%2Ftags&post=27155"}],"curies":[{"name":"wp","href":"https:\/\/api.w.org\/{rel}","templated":true}]}}