{"id":27158,"date":"2021-05-12T22:20:29","date_gmt":"2021-05-13T03:20:29","guid":{"rendered":"http:\/\/www.zonaroja.com.mx\/?p=27158"},"modified":"2021-05-12T22:20:33","modified_gmt":"2021-05-13T03:20:33","slug":"respaldo-a-la-produccion-del-cafe-en-oaxaca-desde-la-sociedad-civil","status":"publish","type":"post","link":"https:\/\/zonaroja.com.mx\/?p=27158","title":{"rendered":"Respaldo a la producci\u00f3n del caf\u00e9 en Oaxaca desde la sociedad civil"},"content":{"rendered":"\n<p>Evlin Arag\u00f3n\/Zona Roja.<\/p>\n\n\n\n<p>Oaxaca de Ju\u00e1rez, Oax., 12 de mayo de 2021.- Garantizar la seguridad alimentaria es el principal objetivo de Heifer Internacional, organizaci\u00f3n con presencia en Oaxaca que se ha dado a la tarea de atender la problem\u00e1tica a la que se enfrentas cientos de familias de los sectores poblacionales con m\u00e1s desventajas en la entidad.<\/p>\n\n\n\n<p>As\u00ed lo dio a conocer Edwin Roberto Rocha, director de Heifer International, en el encuentro que sostuvo en la sede de la Asociaci\u00f3n de Periodistas de Oaxaca (APO) y donde reconoci\u00f3 que el caf\u00e9 es muy sensible al cambio clim\u00e1tico, por lo que es importante atender la problem\u00e1tica a la que se enfrentan las y los productores.&nbsp;&nbsp;<\/p>\n\n\n\n<p>En este sentido y a sabiendas que el precio del caf\u00e9 ha ca\u00eddo de manera estrepitosa, afectando a quienes se dedican a la producci\u00f3n del grano, han implementado el programa \u201cM\u00e1s All\u00e1 del Caf\u00e9\u201d, por medio del cual las familias puedan mejorar su actividad a partir de la incorporaci\u00f3n de otras actividades que les permitan asegurar un ingreso digno.&nbsp;<\/p>\n\n\n\n<p>De ah\u00ed que, han implementado acciones para mejorar la calidad del producto, reducir la cadena de comercializaci\u00f3n \u2013eliminando los intermediarios-, y diversificar la fuente de ingresos de las y los cafeticultores, promoviendo la producci\u00f3n de miel y huevos de gallina, como actividad extra.&nbsp;<\/p>\n\n\n\n<p>Roberto Rocha puntualiz\u00f3 que Heifer Internacional trabaja actualmente en el mejoramiento de las t\u00e9cnicas de producci\u00f3n de caf\u00e9 en localidades de Oaxaca, a fin de que implique un menor esfuerzo y una mayor ganancia para los productores, que previamente hab\u00edan pensado en abandonar la actividad, debido a las complicaciones que enfrentan y la poca rentabilidad.\u00a0<\/p>\n\n\n\n<figure class=\"wp-block-embed-twitter wp-block-embed is-type-rich is-provider-twitter\"><div class=\"wp-block-embed__wrapper\">\n<div class=\"twitter-tweet\"><blockquote class=\"twitter-tweet\" data-lang=\"es\"><p lang=\"es\" dir=\"ltr\"><a href=\"https:\/\/twitter.com\/hashtag\/ENVIVO?src=hash&amp;ref_src=twsrc%5Etfw\">#ENVIVO<\/a><br>Oaxaca de Ju\u00e1rez, Oax., 12 de mayo de 2021.- Conferencia de prensa con el director de Heifer International, Edwin Roberto Rocha.<br>Da a conocer el trabajo de la ONG en comunidades de Oaxaca en el Sistema Caf\u00e9.<br>Transmisi\u00f3n aqu\u00ed: <br>\ud83d\udc47<a href=\"https:\/\/t.co\/JjhLIHjeFg\">https:\/\/t.co\/JjhLIHjeFg<\/a> <a href=\"https:\/\/t.co\/FlKwfApsSO\">pic.twitter.com\/FlKwfApsSO<\/a><\/p>&mdash; Zona Roja Oaxaca (@Zona_Roja_Oax) <a href=\"https:\/\/twitter.com\/Zona_Roja_Oax\/status\/1392500535400538114?ref_src=twsrc%5Etfw\">12 de mayo de 2021<\/a><\/blockquote><\/div>\n<\/div><\/figure>\n\n\n\n<p>Tambi\u00e9n se est\u00e1 dotando de semillas de caf\u00e9 de buena calidad para la siembra acci\u00f3n que, evidentemente, dar\u00e1 frutos a mediano plazo en localidades de la Costa, Mixteca, Sierra Norte y Sur, en beneficio de dos mil 243 productoras y productores a quienes actualmente ayudan a reducir la brecha de pobreza en la que se encuentran.&nbsp;<\/p>\n\n\n\n<p>As\u00ed mismo les han dotado de colmenas y gallinas de corral con la finalidad de que puedan ofrecer otros productos en el mercado y con ello obtengan mayores ingresos que les permitan conservar su actividad primaria sin pensar en migrar.<\/p>\n\n\n\n<p>Ello sin descuidar la creaci\u00f3n de v\u00ednculos con algunas empresas comercializadoras de caf\u00e9 y restauranteras con la intenci\u00f3n que sin la necesidad de intermediarios compren el grano directamente a los productores, lo cual permite un precio justo para ambas partes.&nbsp;<\/p>\n\n\n\n<p>Finalmente detall\u00f3 que independientemente de \u201cM\u00e1s all\u00e1 del caf\u00e9\u201d, Heifer Internacional implementa otros programas en territorio oaxaque\u00f1o como son: Incubando oportunidades, Acelerando Ingresos, y Certificando Oportunidades, los cuales tambi\u00e9n incluyen trabajo con las y los productores mezcal.&nbsp;<\/p>\n","protected":false},"excerpt":{"rendered":"<p>Evlin Arag\u00f3n\/Zona Roja. Oaxaca de Ju\u00e1rez, Oax., 12 de mayo de 2021.- Garantizar la seguridad&hellip;<\/p>\n","protected":false},"author":2,"featured_media":27159,"comment_status":"closed","ping_status":"open","sticky":false,"template":"","format":"standard","meta":{"_lmt_disableupdate":"","_lmt_disable":"","_jetpack_memberships_contains_paid_content":false,"footnotes":""},"categories":[109,46],"tags":[2674],"class_list":["post-27158","post","type-post","status-publish","format-standard","has-post-thumbnail","hentry","category-minuto-a-minuto","category-zona-blanca","tag-heifer-international"],"jetpack_featured_media_url":"https:\/\/zonaroja.com.mx\/wp-content\/uploads\/2021\/05\/Productor-cafe-conferencia-APO.jpg","jetpack_sharing_enabled":true,"_links":{"self":[{"href":"https:\/\/zonaroja.com.mx\/index.php?rest_route=\/wp\/v2\/posts\/27158","targetHints":{"allow":["GET"]}}],"collection":[{"href":"https:\/\/zonaroja.com.mx\/index.php?rest_route=\/wp\/v2\/posts"}],"about":[{"href":"https:\/\/zonaroja.com.mx\/index.php?rest_route=\/wp\/v2\/types\/post"}],"author":[{"embeddable":true,"href":"https:\/\/zonaroja.com.mx\/index.php?rest_route=\/wp\/v2\/users\/2"}],"replies":[{"embeddable":true,"href":"https:\/\/zonaroja.com.mx\/index.php?rest_route=%2Fwp%2Fv2%2Fcomments&post=27158"}],"version-history":[{"count":1,"href":"https:\/\/zonaroja.com.mx\/index.php?rest_route=\/wp\/v2\/posts\/27158\/revisions"}],"predecessor-version":[{"id":27160,"href":"https:\/\/zonaroja.com.mx\/index.php?rest_route=\/wp\/v2\/posts\/27158\/revisions\/27160"}],"wp:featuredmedia":[{"embeddable":true,"href":"https:\/\/zonaroja.com.mx\/index.php?rest_route=\/wp\/v2\/media\/27159"}],"wp:attachment":[{"href":"https:\/\/zonaroja.com.mx\/index.php?rest_route=%2Fwp%2Fv2%2Fmedia&parent=27158"}],"wp:term":[{"taxonomy":"category","embeddable":true,"href":"https:\/\/zonaroja.com.mx\/index.php?rest_route=%2Fwp%2Fv2%2Fcategories&post=27158"},{"taxonomy":"post_tag","embeddable":true,"href":"https:\/\/zonaroja.com.mx\/index.php?rest_route=%2Fwp%2Fv2%2Ftags&post=27158"}],"curies":[{"name":"wp","href":"https:\/\/api.w.org\/{rel}","templated":true}]}}