{"id":27164,"date":"2021-05-12T22:28:28","date_gmt":"2021-05-13T03:28:28","guid":{"rendered":"http:\/\/www.zonaroja.com.mx\/?p=27164"},"modified":"2021-05-12T22:28:33","modified_gmt":"2021-05-13T03:28:33","slug":"se-suma-antorcha-campesina-al-proyecto-de-javier-villacana","status":"publish","type":"post","link":"https:\/\/zonaroja.com.mx\/?p=27164","title":{"rendered":"Se suma Antorcha Campesina al proyecto de Javier Villaca\u00f1a"},"content":{"rendered":"\n<p>Redacci\u00f3n\/Zona Roja.<\/p>\n\n\n\n<p>Oaxaca de Ju\u00e1rez, Oax.,12 de mayo de 2021.- En un fraternal encuentro con integrantes de la organizaci\u00f3n Antorcha Campesina, el candidato com\u00fan del PAN, PRI y PRD a presidente municipal de Oaxaca de Ju\u00e1rez, Javier Villaca\u00f1a&nbsp; Jim\u00e9nez se comprometi\u00f3 a encabezar un gobierno sensible y aliado con las diferentes colonias de la capital que merecen la atenci\u00f3n de las autoridades municipales.<\/p>\n\n\n\n<p>\u00abHemos caminado las colonias y reconocemos que el planteamiento principal es que necesitan respuestas, porque se perdi\u00f3 la capacidad de atenci\u00f3n. Nosotros vamos a cumplir el gran reto de construir el Oaxaca que queremos, por eso todo lo que est\u00e1n haciendo no va a quedar en el olvido\u00bb, sostuvo, ante el l\u00edder de la organizaci\u00f3n, Dimas Romero Gonz\u00e1lez, tambi\u00e9n integrante de la planilla.<\/p>\n\n\n\n<p>El candidato de las fuerzas pol\u00edticas PRI, PAN y PRD, indic\u00f3 que el 6 de junio ser\u00e1 el principio de una nueva relaci\u00f3n con hombres y mujeres de la zona norte y sur de la ciudad, por lo que pidi\u00f3 estar juntos en este proceso para hacer realidad el gobierno del cambio, bienestar y rescate.<\/p>\n\n\n\n<p>\u00abEstamos haciendo todo para que nuestros hijos e hijas tengan un mejor lugar, ordenado, limpio y seguro; un Oaxaca que se pueda presumir, que incluya a la gente. Hay muchos que agarran de bandera al pueblo y lo hacen parte de su discurso, pero pocos lo hacen parte de los hechos\u00bb, afirm\u00f3.<\/p>\n\n\n\n<p>Acompa\u00f1ado de la candidata a diputada local por el distrito electoral XIII, Laura Vign\u00f3n Carre\u00f1o, el candidato Villaca\u00f1a Jim\u00e9nez consider\u00f3 que caminando de la mano con los habitantes de las colonias dar\u00e1 resultados desde los primeros meses de su administraci\u00f3n, consumando obras que resuelvan sus demandas.<\/p>\n\n\n\n<p>Dimas Romero Gonz\u00e1lez, dirigente de Antorcha Campesina e integrante de la planilla, asegur\u00f3 que en unidad los antorchistas promover\u00e1n el voto por Javier Villaca\u00f1a, hombre con gran sensibilidad social y experiencia para rescatar y recuperar la grandeza de la capital oaxaque\u00f1a.<\/p>\n","protected":false},"excerpt":{"rendered":"<p>Redacci\u00f3n\/Zona Roja. Oaxaca de Ju\u00e1rez, Oax.,12 de mayo de 2021.- En un fraternal encuentro con&hellip;<\/p>\n","protected":false},"author":2,"featured_media":27165,"comment_status":"closed","ping_status":"open","sticky":false,"template":"","format":"standard","meta":{"_lmt_disableupdate":"","_lmt_disable":"","_jetpack_memberships_contains_paid_content":false,"footnotes":""},"categories":[109,46],"tags":[2456],"class_list":["post-27164","post","type-post","status-publish","format-standard","has-post-thumbnail","hentry","category-minuto-a-minuto","category-zona-blanca","tag-javier-villacana-jimenez"],"jetpack_featured_media_url":"https:\/\/zonaroja.com.mx\/wp-content\/uploads\/2021\/05\/12May-Antorcha-Campesina_1.jpeg","jetpack_sharing_enabled":true,"_links":{"self":[{"href":"https:\/\/zonaroja.com.mx\/index.php?rest_route=\/wp\/v2\/posts\/27164","targetHints":{"allow":["GET"]}}],"collection":[{"href":"https:\/\/zonaroja.com.mx\/index.php?rest_route=\/wp\/v2\/posts"}],"about":[{"href":"https:\/\/zonaroja.com.mx\/index.php?rest_route=\/wp\/v2\/types\/post"}],"author":[{"embeddable":true,"href":"https:\/\/zonaroja.com.mx\/index.php?rest_route=\/wp\/v2\/users\/2"}],"replies":[{"embeddable":true,"href":"https:\/\/zonaroja.com.mx\/index.php?rest_route=%2Fwp%2Fv2%2Fcomments&post=27164"}],"version-history":[{"count":1,"href":"https:\/\/zonaroja.com.mx\/index.php?rest_route=\/wp\/v2\/posts\/27164\/revisions"}],"predecessor-version":[{"id":27166,"href":"https:\/\/zonaroja.com.mx\/index.php?rest_route=\/wp\/v2\/posts\/27164\/revisions\/27166"}],"wp:featuredmedia":[{"embeddable":true,"href":"https:\/\/zonaroja.com.mx\/index.php?rest_route=\/wp\/v2\/media\/27165"}],"wp:attachment":[{"href":"https:\/\/zonaroja.com.mx\/index.php?rest_route=%2Fwp%2Fv2%2Fmedia&parent=27164"}],"wp:term":[{"taxonomy":"category","embeddable":true,"href":"https:\/\/zonaroja.com.mx\/index.php?rest_route=%2Fwp%2Fv2%2Fcategories&post=27164"},{"taxonomy":"post_tag","embeddable":true,"href":"https:\/\/zonaroja.com.mx\/index.php?rest_route=%2Fwp%2Fv2%2Ftags&post=27164"}],"curies":[{"name":"wp","href":"https:\/\/api.w.org\/{rel}","templated":true}]}}