{"id":27167,"date":"2021-05-12T22:36:46","date_gmt":"2021-05-13T03:36:46","guid":{"rendered":"http:\/\/www.zonaroja.com.mx\/?p=27167"},"modified":"2021-05-12T22:36:50","modified_gmt":"2021-05-13T03:36:50","slug":"muere-ahogado-adolescente-en-la-costa-aun-no-localizan-cuerpo","status":"publish","type":"post","link":"https:\/\/zonaroja.com.mx\/?p=27167","title":{"rendered":"Muere ahogado adolescente en la Costa; a\u00fan no localizan cuerpo"},"content":{"rendered":"\n<p>Redacci\u00f3n\/Zona Roja.<\/p>\n\n\n\n<p>Oaxaca de Ju\u00e1rez, Oax., 12 de mayo de 2021.- Corporaciones de auxilio privadas y oficiales suspendieron esta noche la b\u00fasqueda del cuerpo de un menor de edad, presuntamente ahogado en las aguas de la bocabarra de Cerro Hermoso, Villa de Tututepec, en la regi\u00f3n Costa de Oaxaca.<\/p>\n\n\n\n<p>Fue la ma\u00f1ana de hoy en que Pedro L. P., de 15 a\u00f1os de edad, ingres\u00f3 a la bocabarra, reci\u00e9n abierta, pero al parecer qued\u00f3 atrapado entre la corriente, por lo que no pudo salir a flote.<\/p>\n\n\n\n<p>Desde el mediod\u00eda, primero familiares y pescadores, y despu\u00e9s organismos como Escuadr\u00f3n ORAM y Protecci\u00f3n Civil estatal y municipal, se sumaron a la b\u00fasqueda, pero hasta esta noche no han podido localizar el cuerpo.<\/p>\n\n\n\n<p>Ser\u00e1 este jueves por la ma\u00f1ana en que se reanudar\u00e1 la b\u00fasqueda en la zona, con personal de buceo incluyendo, en que se espera recuperar al adolescente.<\/p>\n","protected":false},"excerpt":{"rendered":"<p>Redacci\u00f3n\/Zona Roja. Oaxaca de Ju\u00e1rez, Oax., 12 de mayo de 2021.- Corporaciones de auxilio privadas&hellip;<\/p>\n","protected":false},"author":2,"featured_media":27168,"comment_status":"closed","ping_status":"open","sticky":false,"template":"","format":"standard","meta":{"_lmt_disableupdate":"","_lmt_disable":"","_jetpack_memberships_contains_paid_content":false,"footnotes":""},"categories":[109,51],"tags":[1203],"class_list":["post-27167","post","type-post","status-publish","format-standard","has-post-thumbnail","hentry","category-minuto-a-minuto","category-zona-roja","tag-villa-de-tututepec"],"jetpack_featured_media_url":"https:\/\/zonaroja.com.mx\/wp-content\/uploads\/2021\/05\/Ahogado-bocabarra-Tututepec.jpg","jetpack_sharing_enabled":true,"_links":{"self":[{"href":"https:\/\/zonaroja.com.mx\/index.php?rest_route=\/wp\/v2\/posts\/27167","targetHints":{"allow":["GET"]}}],"collection":[{"href":"https:\/\/zonaroja.com.mx\/index.php?rest_route=\/wp\/v2\/posts"}],"about":[{"href":"https:\/\/zonaroja.com.mx\/index.php?rest_route=\/wp\/v2\/types\/post"}],"author":[{"embeddable":true,"href":"https:\/\/zonaroja.com.mx\/index.php?rest_route=\/wp\/v2\/users\/2"}],"replies":[{"embeddable":true,"href":"https:\/\/zonaroja.com.mx\/index.php?rest_route=%2Fwp%2Fv2%2Fcomments&post=27167"}],"version-history":[{"count":1,"href":"https:\/\/zonaroja.com.mx\/index.php?rest_route=\/wp\/v2\/posts\/27167\/revisions"}],"predecessor-version":[{"id":27169,"href":"https:\/\/zonaroja.com.mx\/index.php?rest_route=\/wp\/v2\/posts\/27167\/revisions\/27169"}],"wp:featuredmedia":[{"embeddable":true,"href":"https:\/\/zonaroja.com.mx\/index.php?rest_route=\/wp\/v2\/media\/27168"}],"wp:attachment":[{"href":"https:\/\/zonaroja.com.mx\/index.php?rest_route=%2Fwp%2Fv2%2Fmedia&parent=27167"}],"wp:term":[{"taxonomy":"category","embeddable":true,"href":"https:\/\/zonaroja.com.mx\/index.php?rest_route=%2Fwp%2Fv2%2Fcategories&post=27167"},{"taxonomy":"post_tag","embeddable":true,"href":"https:\/\/zonaroja.com.mx\/index.php?rest_route=%2Fwp%2Fv2%2Ftags&post=27167"}],"curies":[{"name":"wp","href":"https:\/\/api.w.org\/{rel}","templated":true}]}}