{"id":27175,"date":"2021-05-13T07:49:10","date_gmt":"2021-05-13T12:49:10","guid":{"rendered":"http:\/\/www.zonaroja.com.mx\/?p=27175"},"modified":"2021-05-13T07:49:14","modified_gmt":"2021-05-13T12:49:14","slug":"reanudan-conflicto-xochiltepec-textitlan-emboscan-a-policias-y-queman-patrullas","status":"publish","type":"post","link":"https:\/\/zonaroja.com.mx\/?p=27175","title":{"rendered":"Reanudan conflicto Xochiltepec-Textitl\u00e1n: emboscan a polic\u00edas y queman patrullas"},"content":{"rendered":"\n<p>Ismael Garc\u00eda M.\/Zona Roja.<\/p>\n\n\n\n<p>Oaxaca de Ju\u00e1rez, Oax., 13 de mayo de 2021.- \u201cAqu\u00ed venimos compa\u00f1eros, por un lugar de R\u00edo Santiago, donde nos acaban de emboscar a todos los compa\u00f1eros, pero gracias a Dios estamos todos ilesos\u2026 la base la acabaron de quemar con todo y patrullas, todo el personal que venimos recibimos una emboscada de parte de m\u00e1s de 50 elementos\u2026<\/p>\n\n\n\n<p>\u201cAhorita aqu\u00ed venimos todos por una zona de alta peligrosidad, pero gracias a Dios estamos todos con vida, ah\u00ed para que tenga conocimiento el mando, hoy a las nueve de la ma\u00f1ana dimos parte que solicit\u00e1bamos apoyo, hasta el momento son las seis de la tarde del mismo d\u00eda y nadie se preocup\u00f3 por nosotros, nadie dijo ya va el apoyo.<\/p>\n\n\n\n<p>\u201cNosotros vimos la manera que cuando llegara la emboscada, fuimos todos, tuvimos que salir por la retaguardia y gracias a Dios, hubo much\u00edsimas detonaciones de arma de grueso calibre como es el \u2018Cuerno de chivo\u2019 y R-15, pero gracias a Dios todos estamos ilesos y estamos en este momento en una zona riesgosa, pero gracias a Dios vamos saliendo\u201d.<\/p>\n\n\n\n<p>Es la narraci\u00f3n presuntamente de un elemento policiaco de la Secretar\u00eda de Seguridad P\u00fablica de Oaxaca (SSPO), que mediante un video compartido v\u00eda Whatsapp, dio a conocer los hechos sucedidos este mi\u00e9rcoles en la regi\u00f3n Sierra Sur de Oaxaca.<\/p>\n\n\n\n<p>Las hostilidades entre Santiago Xochilxtepec y Santiago Textitl\u00e1n reanudaron ayer, con una emboscada a polic\u00edas estatales y la quema de patrullas. Hasta el momento no se reportan personas heridas o fallecidas.<\/p>\n\n\n\n<p>LUCHA VIOLENTA<\/p>\n\n\n\n<p>Fue el 20 de diciembre en que iniciaron los ataques entre Xochiltepec y Textitl\u00e1n, con un saldo preliminar de dos personas fallecidas, principalmente en la localidad de R\u00edo Santiago, por la disputa de tierras.<\/p>\n\n\n\n<p>Supuestamente la Secretar\u00eda General de Gobierno hab\u00eda logrado una tregua entre las partes y la SSPO envi\u00f3 una partida policiaca para resguardar la seguridad en la zona, pero que fue atacada ayer mi\u00e9rcoles.<\/p>\n\n\n\n<p>Seg\u00fan los habitantes de Textitl\u00e1n, de manera continua han sido agredidas en los \u00faltimos cinco meses y han quemado y saqueado viviendas. Las hostilidades armadas reanudaron la noche del 11 de mayo.<\/p>\n\n\n\n<p>V\u00eda telef\u00f3nica, el secretario de Seguridad, Heliodoro D\u00edaz Esc\u00e1rraga, confirm\u00f3 a \u201cHeraldo Radio\u201d Oaxaca los hechos violentos, sin embargo, opt\u00f3 por no dar detalles del saldo; inform\u00f3 que los polic\u00edas fueron retirados de la zona.<\/p>\n\n\n\n<p>\u201cNuevamente se suscitaron incidentes que est\u00e1n por precisarse; b\u00e1sicamente la informaci\u00f3n tanto de unos como de otros se\u00f1alan que hay agresiones\u2026 Nuestros elementos fueron amenazados y agredidos, sin mayores consecuencias y se tom\u00f3 la decisi\u00f3n que se retiraran del lugar, desafortunadamente dejando las patrullas.<\/p>\n\n\n\n<p>\u201cEstamos en coordinaci\u00f3n con la Fiscal\u00eda General para que precise fundamentalmente la naturaleza de los hechos y se deslinden responsabilidades\u201d, dijo el titular de la SSPO.<\/p>\n","protected":false},"excerpt":{"rendered":"<p>Ismael Garc\u00eda M.\/Zona Roja. Oaxaca de Ju\u00e1rez, Oax., 13 de mayo de 2021.- \u201cAqu\u00ed venimos&hellip;<\/p>\n","protected":false},"author":2,"featured_media":21502,"comment_status":"closed","ping_status":"open","sticky":false,"template":"","format":"standard","meta":{"_lmt_disableupdate":"","_lmt_disable":"","_jetpack_memberships_contains_paid_content":false,"footnotes":""},"categories":[109,47],"tags":[1980,2307],"class_list":["post-27175","post","type-post","status-publish","format-standard","has-post-thumbnail","hentry","category-minuto-a-minuto","category-zona-gris","tag-santiago-textitlan","tag-santiago-xochiltepec"],"jetpack_featured_media_url":"https:\/\/zonaroja.com.mx\/wp-content\/uploads\/2020\/12\/Policia-Estatal-Xochiltepec.jpg","jetpack_sharing_enabled":true,"_links":{"self":[{"href":"https:\/\/zonaroja.com.mx\/index.php?rest_route=\/wp\/v2\/posts\/27175","targetHints":{"allow":["GET"]}}],"collection":[{"href":"https:\/\/zonaroja.com.mx\/index.php?rest_route=\/wp\/v2\/posts"}],"about":[{"href":"https:\/\/zonaroja.com.mx\/index.php?rest_route=\/wp\/v2\/types\/post"}],"author":[{"embeddable":true,"href":"https:\/\/zonaroja.com.mx\/index.php?rest_route=\/wp\/v2\/users\/2"}],"replies":[{"embeddable":true,"href":"https:\/\/zonaroja.com.mx\/index.php?rest_route=%2Fwp%2Fv2%2Fcomments&post=27175"}],"version-history":[{"count":1,"href":"https:\/\/zonaroja.com.mx\/index.php?rest_route=\/wp\/v2\/posts\/27175\/revisions"}],"predecessor-version":[{"id":27176,"href":"https:\/\/zonaroja.com.mx\/index.php?rest_route=\/wp\/v2\/posts\/27175\/revisions\/27176"}],"wp:featuredmedia":[{"embeddable":true,"href":"https:\/\/zonaroja.com.mx\/index.php?rest_route=\/wp\/v2\/media\/21502"}],"wp:attachment":[{"href":"https:\/\/zonaroja.com.mx\/index.php?rest_route=%2Fwp%2Fv2%2Fmedia&parent=27175"}],"wp:term":[{"taxonomy":"category","embeddable":true,"href":"https:\/\/zonaroja.com.mx\/index.php?rest_route=%2Fwp%2Fv2%2Fcategories&post=27175"},{"taxonomy":"post_tag","embeddable":true,"href":"https:\/\/zonaroja.com.mx\/index.php?rest_route=%2Fwp%2Fv2%2Ftags&post=27175"}],"curies":[{"name":"wp","href":"https:\/\/api.w.org\/{rel}","templated":true}]}}