{"id":27177,"date":"2021-05-13T08:18:24","date_gmt":"2021-05-13T13:18:24","guid":{"rendered":"http:\/\/www.zonaroja.com.mx\/?p=27177"},"modified":"2021-05-13T08:18:27","modified_gmt":"2021-05-13T13:18:27","slug":"colectivos-feministas-exigen-justicia-para-maria-paula-asesinada-en-la-mixteca","status":"publish","type":"post","link":"https:\/\/zonaroja.com.mx\/?p=27177","title":{"rendered":"Colectivos feministas exigen justicia para Mar\u00eda Paula, asesinada en la Mixteca"},"content":{"rendered":"\n<p>Evlin Arag\u00f3n\/Zona Roja.<\/p>\n\n\n\n<p>Oaxaca de Ju\u00e1rez, Oax., 13 de mayo de 2021.- Las colectivas feministas Marea Verde Mixteca e Hijas de Luna, con presencia en Huajuapan de Le\u00f3n y otros municipios como Nochixtl\u00e1n, Tonal\u00e1 y Tlaxiaco, todos perteneciente a la regi\u00f3n Mixteca, exigieron justicia para Mar\u00eda Paula, mujer asesinada el pasado 5 de mayo en San Pedro y San Pablo Tequixtepec.&nbsp;<\/p>\n\n\n\n<p>Activistas de ambas organizaciones demandaron a la Vicefiscal\u00eda Regional de la Mixteca agilizar las investigaciones y dar con el paradero del feminicida, que ha sido plenamente identificado por la familia de la v\u00edctima como Raymundo C.M., y quien ya hab\u00eda incurrido en actos de acoso en perjuicio de Mar\u00eda.&nbsp;&nbsp;<\/p>\n\n\n\n<p>\u201cExigimos a la Vicefiscal\u00eda Mixteca agilizar las investigaciones del terrible feminicidio de nuestra hermana Mar\u00eda. \u00a1Por qu\u00e9 vivas nos queremos! \u00a1No estamos todas nos falta Mar\u00eda!\u201d, colocaron en sus redes sociales.&nbsp;<\/p>\n\n\n\n<p>En este mismo sentido y a trav\u00e9s de los medios de comunicaci\u00f3n locales, anunciaron una movilizaci\u00f3n programada para este d\u00eda jueves 13 de mayo, con la intenci\u00f3n de hacer visible el crimen que hab\u00eda pasado desapercibido por las autoridades hasta que familiares y pobladores de Tequixtepec se manifestaron en la explanada municipal.<\/p>\n\n\n\n<p>A sus 63 a\u00f1os de edad, Mar\u00eda Paula es una v\u00edctima m\u00e1s de la violencia feminicida en Oaxaca, de acuerdo con los primeros reportes fue brutalmente atacada a machetazos por uno de sus vecinos a quien ya hab\u00eda denunciado, previamente, por el robo de sus animalitos de corral.&nbsp;<\/p>\n\n\n\n<p>Al respecto Norma Hern\u00e1ndez Burgos, prima-hermana de Mar\u00eda, demand\u00f3 a las autoridades que se haga una investigaci\u00f3n exhaustiva y se corrobore lo que todo mundo sabe con relaci\u00f3n a la presunta responsabilidad de Raymundo C.M. a quien se\u00f1alan como el feminicida.&nbsp;<\/p>\n\n\n\n<p>\u201cEs un acto terrible, algo muy fuerte, hasta mencionarlo es doloroso, porque fue exageradamente cruel, hay un sospechoso, hay un nombre, todos lo conocen y no se le ha detenido, queremos que esto llegue a las instancias que tenga que llegar\u201d, declaro en medios locales de informaci\u00f3n.<\/p>\n\n\n\n<p>Mar\u00eda Paula se convertir\u00e1 en el feminicidio n\u00famero 30 de este 2021 y en el 525 de todo el sexenio, de acuerdo con el recuento que lleva a cabo el Grupo de Estudios sobre la Mujer \u201cRosario Castellanos.&nbsp;<\/p>\n","protected":false},"excerpt":{"rendered":"<p>Evlin Arag\u00f3n\/Zona Roja. Oaxaca de Ju\u00e1rez, Oax., 13 de mayo de 2021.- Las colectivas feministas&hellip;<\/p>\n","protected":false},"author":2,"featured_media":27178,"comment_status":"closed","ping_status":"open","sticky":false,"template":"","format":"standard","meta":{"_lmt_disableupdate":"","_lmt_disable":"","_jetpack_memberships_contains_paid_content":false,"footnotes":""},"categories":[109,47],"tags":[2670],"class_list":["post-27177","post","type-post","status-publish","format-standard","has-post-thumbnail","hentry","category-minuto-a-minuto","category-zona-gris","tag-maria-paula-burgos-calvo"],"jetpack_featured_media_url":"https:\/\/zonaroja.com.mx\/wp-content\/uploads\/2021\/05\/Maria-Burgos-Calvo.jpg","jetpack_sharing_enabled":true,"_links":{"self":[{"href":"https:\/\/zonaroja.com.mx\/index.php?rest_route=\/wp\/v2\/posts\/27177","targetHints":{"allow":["GET"]}}],"collection":[{"href":"https:\/\/zonaroja.com.mx\/index.php?rest_route=\/wp\/v2\/posts"}],"about":[{"href":"https:\/\/zonaroja.com.mx\/index.php?rest_route=\/wp\/v2\/types\/post"}],"author":[{"embeddable":true,"href":"https:\/\/zonaroja.com.mx\/index.php?rest_route=\/wp\/v2\/users\/2"}],"replies":[{"embeddable":true,"href":"https:\/\/zonaroja.com.mx\/index.php?rest_route=%2Fwp%2Fv2%2Fcomments&post=27177"}],"version-history":[{"count":1,"href":"https:\/\/zonaroja.com.mx\/index.php?rest_route=\/wp\/v2\/posts\/27177\/revisions"}],"predecessor-version":[{"id":27179,"href":"https:\/\/zonaroja.com.mx\/index.php?rest_route=\/wp\/v2\/posts\/27177\/revisions\/27179"}],"wp:featuredmedia":[{"embeddable":true,"href":"https:\/\/zonaroja.com.mx\/index.php?rest_route=\/wp\/v2\/media\/27178"}],"wp:attachment":[{"href":"https:\/\/zonaroja.com.mx\/index.php?rest_route=%2Fwp%2Fv2%2Fmedia&parent=27177"}],"wp:term":[{"taxonomy":"category","embeddable":true,"href":"https:\/\/zonaroja.com.mx\/index.php?rest_route=%2Fwp%2Fv2%2Fcategories&post=27177"},{"taxonomy":"post_tag","embeddable":true,"href":"https:\/\/zonaroja.com.mx\/index.php?rest_route=%2Fwp%2Fv2%2Ftags&post=27177"}],"curies":[{"name":"wp","href":"https:\/\/api.w.org\/{rel}","templated":true}]}}