{"id":2718,"date":"2019-08-01T13:13:20","date_gmt":"2019-08-01T18:13:20","guid":{"rendered":"http:\/\/www.zonaroja.com.mx\/?p=2718"},"modified":"2019-08-01T13:13:23","modified_gmt":"2019-08-01T18:13:23","slug":"marchan-medicos-pasantes-piden-condiciones-dignas-para-su-labor","status":"publish","type":"post","link":"https:\/\/zonaroja.com.mx\/?p=2718","title":{"rendered":"Marchan m\u00e9dicos pasantes, piden condiciones dignas para su labor"},"content":{"rendered":"\n<p>Redacci\u00f3n<\/p>\n\n\n\n<p>Oaxaca de\nJu\u00e1rez, Oax., 1 de agosto de 2019.- Como lo hab\u00edan anunciado, este jueves cientos\nde m\u00e9dicos pasantes de la entidad marcharon por las principales calles de la ciudad\nde Oaxaca para entregar su pliego petitorio, que incluye entre otras cosas la\nexigencia de agilizar la ceremonia de elecci\u00f3n de plazas para quienes conforman\nla generaci\u00f3n 2019-2020.<\/p>\n\n\n\n<p>As\u00ed lo dio a\nconocer Gloria Ivonne L\u00f3pez Obrajero, vocera del movimiento de m\u00e9dicos pasantes\nen Oaxaca, explic\u00f3 que tambi\u00e9n exigen el pago oportuno de becas y apoyo\ncorrespondientes, seguro de vida, as\u00ed como atenci\u00f3n m\u00e9dica para su personas y\nfamiliares de primer grado. <\/p>\n\n\n\n<p>Explic\u00f3 que\na la fecha no saben a qu\u00e9 unidad m\u00e9dica ser\u00e1n asignados para realizar su\nservicio social, pese a que de acuerdo con los tiempos establecidos ya deber\u00edan\nestar instalados y listos para brindar atenci\u00f3n m\u00e9dica en las localidades. <\/p>\n\n\n\n<p>\u201cEstos eventos se hacen en la universidad donde nos presentan una lista de las comunidades que requieren el servicio m\u00e9dico par que de acuerdo con el promedio podamos elegir las plazas, sin embargo, hasta el momento no se ha realizado\u201d, dijo.<\/p>\n\n\n\n<figure class=\"wp-block-embed-twitter wp-block-embed is-type-rich is-provider-twitter\"><div class=\"wp-block-embed__wrapper\">\n<div class=\"twitter-tweet\"><blockquote class=\"twitter-tweet\" data-lang=\"es\"><p lang=\"es\" dir=\"ltr\"><a href=\"https:\/\/twitter.com\/hashtag\/OaxacaGris?src=hash&amp;ref_src=twsrc%5Etfw\">#OaxacaGris<\/a><br>La marcha de m\u00e9dicos pasantes llega al z\u00f3calo de la ciudad de Oaxaca; insisten en sus demandas de pagos de pasant\u00edas y asignaci\u00f3n de plazas. <a href=\"https:\/\/t.co\/6jCwI4CZ6Z\">pic.twitter.com\/6jCwI4CZ6Z<\/a><\/p>&mdash; Zona Roja Oaxaca (@MexRoja) <a href=\"https:\/\/twitter.com\/MexRoja\/status\/1156962316925231105?ref_src=twsrc%5Etfw\">1 de agosto de 2019<\/a><\/blockquote><\/div>\n<\/div><\/figure>\n\n\n\n<p>As\u00ed mismo,\nmanifest\u00f3 que la situaci\u00f3n se ha planteado ya ante las instancias de Salud\ncorrespondientes, sin embargo hasta el momento ninguna ha atendido con seriedad\nlos planteamientos del gremio m\u00e9dico. <\/p>\n\n\n\n<p>Record\u00f3 que\nel trabajo que realizan es de primera necesidad en localidad de dif\u00edcil acceso\ny donde tienen que permanecer durante un a\u00f1o para brindar el servicio m\u00e9dico a\nquienes m\u00e1s lo necesitan, por ello reiteraron la petici\u00f3n de contar con becas y\napoyos econ\u00f3micos que les permitan realizar su labor de forma digna.<\/p>\n\n\n\n<p>\u201cDesde el\na\u00f1o del internado las guardias son sumamente demandantes con m\u00e1s de 24 horas de\ntrabajo continuo, durante el a\u00f1o de servicio nos mandan a una comunidad lejana\ndonde tenemos que absorber los gastos de hospedaje y alimentaci\u00f3n, por ello la\nbeca no solo es necesaria, sino indispensable\u201d, sentenci\u00f3. <\/p>\n\n\n\n<p>Finalmente\nel total de m\u00e9dicos pasantes en protesta solicitaron que de manera oportuna las\nautoridades correspondientes establezcan una mesa de di\u00e1logo con sus\nrepresentantes&nbsp; a fin de exponer la\nproblem\u00e1tica y obtener soluciones satisfactorias a fin de que realicen su\ntrabajo bajo condiciones dignas y eficientes.<\/p>\n","protected":false},"excerpt":{"rendered":"<p>Redacci\u00f3n Oaxaca de Ju\u00e1rez, Oax., 1 de agosto de 2019.- Como lo hab\u00edan anunciado, este&hellip;<\/p>\n","protected":false},"author":2,"featured_media":2719,"comment_status":"closed","ping_status":"open","sticky":false,"template":"","format":"standard","meta":{"_lmt_disableupdate":"","_lmt_disable":"","_jetpack_memberships_contains_paid_content":false,"footnotes":""},"categories":[109,47],"tags":[450],"class_list":["post-2718","post","type-post","status-publish","format-standard","has-post-thumbnail","hentry","category-minuto-a-minuto","category-zona-gris","tag-marchan-medicos-pasantes-en-oaxaca"],"jetpack_featured_media_url":"https:\/\/zonaroja.com.mx\/wp-content\/uploads\/2019\/08\/36afaeb5-b914-490b-93d3-829b599e7d48.jpg","jetpack_sharing_enabled":true,"_links":{"self":[{"href":"https:\/\/zonaroja.com.mx\/index.php?rest_route=\/wp\/v2\/posts\/2718","targetHints":{"allow":["GET"]}}],"collection":[{"href":"https:\/\/zonaroja.com.mx\/index.php?rest_route=\/wp\/v2\/posts"}],"about":[{"href":"https:\/\/zonaroja.com.mx\/index.php?rest_route=\/wp\/v2\/types\/post"}],"author":[{"embeddable":true,"href":"https:\/\/zonaroja.com.mx\/index.php?rest_route=\/wp\/v2\/users\/2"}],"replies":[{"embeddable":true,"href":"https:\/\/zonaroja.com.mx\/index.php?rest_route=%2Fwp%2Fv2%2Fcomments&post=2718"}],"version-history":[{"count":1,"href":"https:\/\/zonaroja.com.mx\/index.php?rest_route=\/wp\/v2\/posts\/2718\/revisions"}],"predecessor-version":[{"id":2720,"href":"https:\/\/zonaroja.com.mx\/index.php?rest_route=\/wp\/v2\/posts\/2718\/revisions\/2720"}],"wp:featuredmedia":[{"embeddable":true,"href":"https:\/\/zonaroja.com.mx\/index.php?rest_route=\/wp\/v2\/media\/2719"}],"wp:attachment":[{"href":"https:\/\/zonaroja.com.mx\/index.php?rest_route=%2Fwp%2Fv2%2Fmedia&parent=2718"}],"wp:term":[{"taxonomy":"category","embeddable":true,"href":"https:\/\/zonaroja.com.mx\/index.php?rest_route=%2Fwp%2Fv2%2Fcategories&post=2718"},{"taxonomy":"post_tag","embeddable":true,"href":"https:\/\/zonaroja.com.mx\/index.php?rest_route=%2Fwp%2Fv2%2Ftags&post=2718"}],"curies":[{"name":"wp","href":"https:\/\/api.w.org\/{rel}","templated":true}]}}