{"id":27184,"date":"2021-05-13T11:20:21","date_gmt":"2021-05-13T16:20:21","guid":{"rendered":"https:\/\/www.zonaroja.com.mx\/?p=27184"},"modified":"2021-05-13T11:20:24","modified_gmt":"2021-05-13T16:20:24","slug":"asegura-sspo-que-mantiene-policia-estatal-presencia-en-la-sierra-sur-por-conflicto","status":"publish","type":"post","link":"https:\/\/zonaroja.com.mx\/?p=27184","title":{"rendered":"Asegura SSPO que mantiene Polic\u00eda Estatal presencia en la Sierra Sur, por conflicto"},"content":{"rendered":"\n<p>Redacci\u00f3n\/Zona Roja. <\/p>\n\n\n\n<p>Oaxaca de Ju\u00e1rez, Oax., 13 de mayo de 2021.- Tras los hechos suscitados en la base de operaciones de la Polic\u00eda Estatal en la Sierra Sur, derivado del conflicto entre Santiago Xochiltepec y Santiago  Textitl\u00e1n , la Secretar\u00eda de Seguridad P\u00fablica de Oaxaca (SSPO) report\u00f3 que todo el personal que se encontraba en la zona se encuentra sano y salvo, resguardados en la cabecera de Textitl\u00e1n, y se descartan heridos o lesionados.<\/p>\n\n\n\n<p>Indic\u00f3 que por instrucciones del secretario de Seguridad P\u00fablica, Heliodoro D\u00edaz Esc\u00e1rraga, los mandos policiacos reforzaron las medidas de seguridad en la zona con alrededor de 40 elementos, quienes mantienen presencia en la zona para brindar seguridad a las familias de la regi\u00f3n, anteponiendo el di\u00e1logo y exhortando a la poblaci\u00f3n a llegar a una soluci\u00f3n que evite generar m\u00e1s violencia.<\/p>\n\n\n\n<p>Adem\u00e1s, solicit\u00f3 al Secretario General de Gobierno, convocar a las autoridades municipales al di\u00e1logo para la soluci\u00f3n de dicho conflicto y evitar hacer justicia por propia mano. Por su parte, detall\u00f3 que la Fiscal\u00eda General del Estado de Oaxaca (FGEO) ser\u00e1 quien determine e investigue los hechos suscitados en la regi\u00f3n para deslindar responsabilidades.La SSPO exhort\u00f3 al di\u00e1logo y acuerdos entre las comunidades involucradas para evitar agresiones mayores.<\/p>\n\n\n\n<p>Hasta el momento solo se reportan da\u00f1os materiales a dos patrullas de la Polic\u00eda Estatales, por lo que se interpondr\u00e1n las denuncias correspondientes para que se proceda en contra de los responsables e incitadores de estos hechos.<\/p>\n\n\n\n<p>Cabe destacar que este conflicto est\u00e1 relacionado directamente con la entrega de recursos del Ramo 28 y 33, toda vez que la cabecera municipal de Santiago Textitl\u00e1n se niega a entregar el dinero a autoridades de Xochiltepec. <\/p>\n","protected":false},"excerpt":{"rendered":"<p>Redacci\u00f3n\/Zona Roja. Oaxaca de Ju\u00e1rez, Oax., 13 de mayo de 2021.- Tras los hechos suscitados&hellip;<\/p>\n","protected":false},"author":2,"featured_media":27183,"comment_status":"closed","ping_status":"open","sticky":false,"template":"","format":"standard","meta":{"_lmt_disableupdate":"","_lmt_disable":"","_jetpack_memberships_contains_paid_content":false,"footnotes":""},"categories":[109,47],"tags":[1980,2307],"class_list":["post-27184","post","type-post","status-publish","format-standard","has-post-thumbnail","hentry","category-minuto-a-minuto","category-zona-gris","tag-santiago-textitlan","tag-santiago-xochiltepec"],"jetpack_featured_media_url":"https:\/\/zonaroja.com.mx\/wp-content\/uploads\/2021\/05\/a58331e1-ddd8-4efb-a033-5aba456e876f.jpg","jetpack_sharing_enabled":true,"_links":{"self":[{"href":"https:\/\/zonaroja.com.mx\/index.php?rest_route=\/wp\/v2\/posts\/27184","targetHints":{"allow":["GET"]}}],"collection":[{"href":"https:\/\/zonaroja.com.mx\/index.php?rest_route=\/wp\/v2\/posts"}],"about":[{"href":"https:\/\/zonaroja.com.mx\/index.php?rest_route=\/wp\/v2\/types\/post"}],"author":[{"embeddable":true,"href":"https:\/\/zonaroja.com.mx\/index.php?rest_route=\/wp\/v2\/users\/2"}],"replies":[{"embeddable":true,"href":"https:\/\/zonaroja.com.mx\/index.php?rest_route=%2Fwp%2Fv2%2Fcomments&post=27184"}],"version-history":[{"count":1,"href":"https:\/\/zonaroja.com.mx\/index.php?rest_route=\/wp\/v2\/posts\/27184\/revisions"}],"predecessor-version":[{"id":27185,"href":"https:\/\/zonaroja.com.mx\/index.php?rest_route=\/wp\/v2\/posts\/27184\/revisions\/27185"}],"wp:featuredmedia":[{"embeddable":true,"href":"https:\/\/zonaroja.com.mx\/index.php?rest_route=\/wp\/v2\/media\/27183"}],"wp:attachment":[{"href":"https:\/\/zonaroja.com.mx\/index.php?rest_route=%2Fwp%2Fv2%2Fmedia&parent=27184"}],"wp:term":[{"taxonomy":"category","embeddable":true,"href":"https:\/\/zonaroja.com.mx\/index.php?rest_route=%2Fwp%2Fv2%2Fcategories&post=27184"},{"taxonomy":"post_tag","embeddable":true,"href":"https:\/\/zonaroja.com.mx\/index.php?rest_route=%2Fwp%2Fv2%2Ftags&post=27184"}],"curies":[{"name":"wp","href":"https:\/\/api.w.org\/{rel}","templated":true}]}}