{"id":27187,"date":"2021-05-13T14:26:22","date_gmt":"2021-05-13T19:26:22","guid":{"rendered":"http:\/\/www.zonaroja.com.mx\/?p=27187"},"modified":"2021-05-13T14:26:37","modified_gmt":"2021-05-13T19:26:37","slug":"piden-a-tsjo-aplicar-el-debido-proceso-y-vincular-a-edil-de-nochixtlan","status":"publish","type":"post","link":"https:\/\/zonaroja.com.mx\/?p=27187","title":{"rendered":"Piden a TSJO aplicar el debido proceso y vincular a edil de Nochixtl\u00e1n"},"content":{"rendered":"\n<p>Evlin Arag\u00f3n\/Zona Roja.<\/p>\n\n\n\n<p>Oaxaca de Ju\u00e1rez, Oax., 13 de mayo de 2021.- Hermanas de Claudia Uruchurtu Cruz y m\u00e1s de 140 organizaciones en defensa de los derechos humanos y por la b\u00fasqueda de personas desaparecidas, solicitaron al presidente del Tribunal Superior de Justicia del Estado de Oaxaca, Eduardo Pinacho S\u00e1nchez, una actuaci\u00f3n ejemplar en el caso que involucra a la edil con licencia de Asunci\u00f3n Nochixtl\u00e1n, Lizbeth V.H.<\/p>\n\n\n\n<p>Lo anterior, en el marco de la celebraci\u00f3n de la audiencia &#8211;este jueves&#8211; donde se define la situaci\u00f3n jur\u00eddica de las tres personas detenidas e implicada en la desaparici\u00f3n forzada de la activista con familiares de , cuyo paradero se desconoce desde el pasado 26 de marzo que fue privada de su libertad.&nbsp;<\/p>\n\n\n\n<p>Aunque aseguraron que su principalmente exigencia es la localizaci\u00f3n y presentaci\u00f3n con vida de Claudia como prioridad, no pueden ni deben dejar de lado el castigo y la sanci\u00f3n a quienes resulten responsables, por lo que pidieron al TSJO tomar en cuenta todas y cada uno de las pruebas que implican a la y los detenidos.&nbsp;<\/p>\n\n\n\n<p>Explicaron que las y los funcionarios del Poder Judicial deben ser conscientes de la de la responsabilidad que tienen en la erradicaci\u00f3n de pr\u00e1cticas de lesa humanidad, como la desaparici\u00f3n forzada, de ah\u00ed que pidieron respetar los est\u00e1ndares internacionales de Derechos Humanos.<\/p>\n\n\n\n<p>\u201cConfiamos en la congruencia del Poder Judicial del Estado de Oaxaca, para que resuelva tomando en cuenta los elementos hasta ahora aportado en el caso y con ello nos permita continuar con nuestra exigencia\u201d, refiere la carta enviada al titular del TSJO.<\/p>\n\n\n\n<p>En este sentido, indicaron que no deben olvidar que Claudia es madre, hermana, hija, luchadora social y defensora de los Derechos Humanos, por lo que advirtieron que se mantendr\u00e1n vigilantes del debido proceso con el que se conduzcan las autoridades y no descansar\u00e1n hasta encontrarla.&nbsp;<\/p>\n\n\n\n<p>Finalmente, recordaron que el Comit\u00e9 contra la Desaparici\u00f3n Forzada de la ONU ha sostenido que en M\u00e9xico existe un contexto grave en torno a desapariciones generalizadas en gran parte del territorio, considerando esta pr\u00e1ctica como un crimen de lesa humanidad que afecta no s\u00f3lo a la v\u00edctima sino a su familia y a la sociedad.<\/p>\n\n\n\n<p>De ah\u00ed que insistieron en la necesidad de sancionar a quienes est\u00e9n involucrados, sin importar quienes sean, tal y como lo dijo el presidente de la Rep\u00fablica, Andr\u00e9s Manuel L\u00f3pez Obrador, quien al referirse al caso dio a conocer que existe un testigo protegido que se\u00f1al\u00f3 como responsable a la presidenta municipal Lizbeth V.H. y asegur\u00f3 que no permitir\u00eda la corrupci\u00f3n e impunidad.&nbsp;<\/p>\n\n\n\n<p>\u201cLa esperanza es que todas las autoridades en el \u00e1mbito de su competencia cumplan con su compromiso de garantizar el respeto a los Derechos Humanos\u201d.&nbsp;<\/p>\n\n\n\n<p>La carta fue firmada Elizabeth, Hayde y Sara Uruchurtu Cruz, as\u00ed como por el Instituto Mexicano de Derechos Humanos y Democracia, Amnist\u00eda Internacional M\u00e9xico, Propuesta C\u00edvica AC, Ambulante AC, Buscando Desaparecidos M\u00e9xico, Colectivo por amor a ellxs, Familias Unidas por una Causa, Red de Madres Buscando a sus Hijos, Sabuesas Guerreras Oaxaca, entre muchas m\u00e1s.&nbsp;<\/p>\n","protected":false},"excerpt":{"rendered":"<p>Evlin Arag\u00f3n\/Zona Roja. Oaxaca de Ju\u00e1rez, Oax., 13 de mayo de 2021.- Hermanas de Claudia&hellip;<\/p>\n","protected":false},"author":2,"featured_media":27188,"comment_status":"closed","ping_status":"open","sticky":false,"template":"","format":"standard","meta":{"_lmt_disableupdate":"","_lmt_disable":"","_jetpack_memberships_contains_paid_content":false,"footnotes":""},"categories":[109,47],"tags":[2582,2083],"class_list":["post-27187","post","type-post","status-publish","format-standard","has-post-thumbnail","hentry","category-minuto-a-minuto","category-zona-gris","tag-claudia-uruchurtu-cruz","tag-lizbeth-victoria-huerta"],"jetpack_featured_media_url":"https:\/\/zonaroja.com.mx\/wp-content\/uploads\/2021\/05\/Lizbeth-Victoria-Huerta.jpg","jetpack_sharing_enabled":true,"_links":{"self":[{"href":"https:\/\/zonaroja.com.mx\/index.php?rest_route=\/wp\/v2\/posts\/27187","targetHints":{"allow":["GET"]}}],"collection":[{"href":"https:\/\/zonaroja.com.mx\/index.php?rest_route=\/wp\/v2\/posts"}],"about":[{"href":"https:\/\/zonaroja.com.mx\/index.php?rest_route=\/wp\/v2\/types\/post"}],"author":[{"embeddable":true,"href":"https:\/\/zonaroja.com.mx\/index.php?rest_route=\/wp\/v2\/users\/2"}],"replies":[{"embeddable":true,"href":"https:\/\/zonaroja.com.mx\/index.php?rest_route=%2Fwp%2Fv2%2Fcomments&post=27187"}],"version-history":[{"count":2,"href":"https:\/\/zonaroja.com.mx\/index.php?rest_route=\/wp\/v2\/posts\/27187\/revisions"}],"predecessor-version":[{"id":27190,"href":"https:\/\/zonaroja.com.mx\/index.php?rest_route=\/wp\/v2\/posts\/27187\/revisions\/27190"}],"wp:featuredmedia":[{"embeddable":true,"href":"https:\/\/zonaroja.com.mx\/index.php?rest_route=\/wp\/v2\/media\/27188"}],"wp:attachment":[{"href":"https:\/\/zonaroja.com.mx\/index.php?rest_route=%2Fwp%2Fv2%2Fmedia&parent=27187"}],"wp:term":[{"taxonomy":"category","embeddable":true,"href":"https:\/\/zonaroja.com.mx\/index.php?rest_route=%2Fwp%2Fv2%2Fcategories&post=27187"},{"taxonomy":"post_tag","embeddable":true,"href":"https:\/\/zonaroja.com.mx\/index.php?rest_route=%2Fwp%2Fv2%2Ftags&post=27187"}],"curies":[{"name":"wp","href":"https:\/\/api.w.org\/{rel}","templated":true}]}}