{"id":27191,"date":"2021-05-13T14:59:45","date_gmt":"2021-05-13T19:59:45","guid":{"rendered":"http:\/\/www.zonaroja.com.mx\/?p=27191"},"modified":"2021-05-13T14:59:50","modified_gmt":"2021-05-13T19:59:50","slug":"ofrece-jesus-ruiz-olmedo-impulsar-desarrollo-de-la-capital-y-crear-instituto-del-emprendedor","status":"publish","type":"post","link":"https:\/\/zonaroja.com.mx\/?p=27191","title":{"rendered":"Ofrece Jes\u00fas Ruiz Olmedo impulsar desarrollo de la capital y crear Instituto del Emprendedor"},"content":{"rendered":"\n<p>Redacci\u00f3n\/Zona Roja.<\/p>\n\n\n\n<p>Oaxaca de Ju\u00e1rez, Oax., 13 de mayo de 2021.-&nbsp; Consciente de la problem\u00e1tica econ\u00f3mica que est\u00e1 dejando a su paso la pandemia por Covid-19, Jes\u00fas Ruiz Olmedo, candidato a la presidencia municipal de Oaxaca de Ju\u00e1rez&nbsp; por el partido Fuerza por M\u00e9xico, se\u00f1al\u00f3 que una de sus principales tareas al asumir el cargo ser\u00e1 impulsar decididamente la econom\u00eda local, generando empleo, autoempleo y una mayor derrama econ\u00f3mica.<\/p>\n\n\n\n<p>Indic\u00f3 que se llevar\u00e1n a cabo estrategias\u00a0 para la creaci\u00f3n de nuevas empresas y la generaci\u00f3n de empleos para las y los oaxaque\u00f1os; enfatiz\u00f3 que durante su mandato agilizara los tr\u00e1mites reduciendo al m\u00e1ximo la burocracia y el papeleo existente, ya que en Oaxaca hay muchas personas emprendedoras pero que en lugar de apoyarlos para salir adelante se les presentan muchas trabas.<\/p>\n\n\n\n<figure class=\"wp-block-embed-twitter wp-block-embed is-type-rich is-provider-twitter\"><div class=\"wp-block-embed__wrapper\">\n<div class=\"twitter-tweet\"><blockquote class=\"twitter-tweet\" data-lang=\"es\"><p lang=\"es\" dir=\"ltr\">Vamos juntas y juntos por la unidad y la reconciliaci\u00f3n de los capitalinos. Es hora de que t\u00fa voz se escuche, gracias por darnos la oportunidad de servirle a Oaxaca!!!<a href=\"https:\/\/twitter.com\/hashtag\/Jes%C3%BAsRuizOlmedo?src=hash&amp;ref_src=twsrc%5Etfw\">#Jes\u00fasRuizOlmedo<\/a><a href=\"https:\/\/twitter.com\/hashtag\/actuandoparatransformaroaxaca?src=hash&amp;ref_src=twsrc%5Etfw\">#actuandoparatransformaroaxaca<\/a><a href=\"https:\/\/twitter.com\/hashtag\/VotaEste6DeJunio?src=hash&amp;ref_src=twsrc%5Etfw\">#VotaEste6DeJunio<\/a><a href=\"https:\/\/twitter.com\/hashtag\/FuerzaXMexico?src=hash&amp;ref_src=twsrc%5Etfw\">#FuerzaXMexico<\/a><a href=\"https:\/\/twitter.com\/hashtag\/Oaxaca?src=hash&amp;ref_src=twsrc%5Etfw\">#Oaxaca<\/a> <a href=\"https:\/\/t.co\/oy8hH2yJeX\">pic.twitter.com\/oy8hH2yJeX<\/a><\/p>&mdash; Jes\u00fas Ruiz Olmedo (@ruizolmedojesus) <a href=\"https:\/\/twitter.com\/ruizolmedojesus\/status\/1392229670263873536?ref_src=twsrc%5Etfw\">11 de mayo de 2021<\/a><\/blockquote><\/div>\n<\/div><\/figure>\n\n\n\n<p>El candidato de Fuerza por M\u00e9xico coment\u00f3 que \u00e9l tambi\u00e9n es un emprendedor y sabe lo dif\u00edcil que es sacar adelante los proyectos de negocios en Oaxaca de Ju\u00e1rez, por lo que se compromete a&nbsp; ayudar a todo aquel que tenga la iniciativa de generar empleos, por lo cual crear\u00e1 el Instituto Municipal del Emprendedor para atender y brindar el apoyo necesario a quien lo requiera.<\/p>\n\n\n\n<p>Ruiz Olmedo remarc\u00f3 que de tal forma se dar\u00e1 acompa\u00f1amiento y formaci\u00f3n a&nbsp; ciudadanas y ciudadanos del municipio&nbsp; interesados en iniciar un proyecto de negocios o mejorar el desempe\u00f1o de sus unidades econ\u00f3micas, con cursos sobre administraci\u00f3n, mejora t\u00e9cnica y sustentabilidad de sus negocios adem\u00e1s de tender puentes con instituciones financieras y acceso a los distintos programas destinados a este sector.<\/p>\n\n\n\n<p>Manifest\u00f3 que actualmente la econom\u00eda est\u00e1 muy lastimada y&nbsp; los partidos corruptos de siempre no han hecho nada al respecto,&nbsp; por lo que es necesario que los y las oaxaque\u00f1as nos unamos, nos tendamos la mano unos a otros, consumamos local y apoyemos a quien se arriesga al iniciar un negocio, es momento de actuar para transformar Oaxaca.<\/p>\n","protected":false},"excerpt":{"rendered":"<p>Redacci\u00f3n\/Zona Roja. Oaxaca de Ju\u00e1rez, Oax., 13 de mayo de 2021.-&nbsp; Consciente de la problem\u00e1tica&hellip;<\/p>\n","protected":false},"author":2,"featured_media":27192,"comment_status":"closed","ping_status":"open","sticky":false,"template":"","format":"standard","meta":{"_lmt_disableupdate":"","_lmt_disable":"","_jetpack_memberships_contains_paid_content":false,"footnotes":""},"categories":[109,46],"tags":[2654],"class_list":["post-27191","post","type-post","status-publish","format-standard","has-post-thumbnail","hentry","category-minuto-a-minuto","category-zona-blanca","tag-jesus-ruiz-olmedo"],"jetpack_featured_media_url":"https:\/\/zonaroja.com.mx\/wp-content\/uploads\/2021\/05\/Jesus-Ruiz-Olmedo1.jpg","jetpack_sharing_enabled":true,"_links":{"self":[{"href":"https:\/\/zonaroja.com.mx\/index.php?rest_route=\/wp\/v2\/posts\/27191","targetHints":{"allow":["GET"]}}],"collection":[{"href":"https:\/\/zonaroja.com.mx\/index.php?rest_route=\/wp\/v2\/posts"}],"about":[{"href":"https:\/\/zonaroja.com.mx\/index.php?rest_route=\/wp\/v2\/types\/post"}],"author":[{"embeddable":true,"href":"https:\/\/zonaroja.com.mx\/index.php?rest_route=\/wp\/v2\/users\/2"}],"replies":[{"embeddable":true,"href":"https:\/\/zonaroja.com.mx\/index.php?rest_route=%2Fwp%2Fv2%2Fcomments&post=27191"}],"version-history":[{"count":1,"href":"https:\/\/zonaroja.com.mx\/index.php?rest_route=\/wp\/v2\/posts\/27191\/revisions"}],"predecessor-version":[{"id":27193,"href":"https:\/\/zonaroja.com.mx\/index.php?rest_route=\/wp\/v2\/posts\/27191\/revisions\/27193"}],"wp:featuredmedia":[{"embeddable":true,"href":"https:\/\/zonaroja.com.mx\/index.php?rest_route=\/wp\/v2\/media\/27192"}],"wp:attachment":[{"href":"https:\/\/zonaroja.com.mx\/index.php?rest_route=%2Fwp%2Fv2%2Fmedia&parent=27191"}],"wp:term":[{"taxonomy":"category","embeddable":true,"href":"https:\/\/zonaroja.com.mx\/index.php?rest_route=%2Fwp%2Fv2%2Fcategories&post=27191"},{"taxonomy":"post_tag","embeddable":true,"href":"https:\/\/zonaroja.com.mx\/index.php?rest_route=%2Fwp%2Fv2%2Ftags&post=27191"}],"curies":[{"name":"wp","href":"https:\/\/api.w.org\/{rel}","templated":true}]}}