{"id":27194,"date":"2021-05-13T15:27:07","date_gmt":"2021-05-13T20:27:07","guid":{"rendered":"http:\/\/www.zonaroja.com.mx\/?p=27194"},"modified":"2021-05-13T15:27:18","modified_gmt":"2021-05-13T20:27:18","slug":"imparables-los-bloqueos-en-oaxaca-frente-a-pasividad-de-la-segego","status":"publish","type":"post","link":"https:\/\/zonaroja.com.mx\/?p=27194","title":{"rendered":"Imparables, los bloqueos en Oaxaca, frente a pasividad de la Segego"},"content":{"rendered":"\n<p>Redacci\u00f3n\/Zona Roja.<\/p>\n\n\n\n<p>Oaxaca de Ju\u00e1rez, Oax., 13 de mayo de 2021.- Al menos cinco protestas se registran este jueves en el estado de Oaxaca, la mayor\u00eda de ellos con bloqueo a carreteras en la regi\u00f3n del Istmo de Tehuantepec, uno que cumple dos d\u00edas.<\/p>\n\n\n\n<p>Desde ayer, habitantes de Santa Cruz Tagolaba, del municipio de Santo Domingo Tehuantepec, mantienen dos cierres viales, uno a la carretera federal190, a la altura del llamado puente \u201cCaracol\u201d, que es el acceso a Tehuantepec.<\/p>\n\n\n\n<p>El otro sobre la supercarretera Salina Cruz-La Ventosa, a la altura de Santa Mar\u00eda Mixtequilla; ello como parte de un conflicto entre comuneros; uno de los grupos exige justicia contra el dirigente Anastasio Guti\u00e9rrez y otro lo defiende.<\/p>\n\n\n\n<p>Un tercer cierre de vialidad inici\u00f3 la ma\u00f1ana de hoy en la v\u00eda federal tramo Tehuantepec-Juchit\u00e1n, a la altura del punto conocido como IMECA, por parte de trabajadores de la Administraci\u00f3n de Agua Potable, debido a la nula atenci\u00f3n de la Comisi\u00f3n Estatal del Agua (CEA), que encabeza H\u00e9ctor Pablo Ram\u00edrez Puga, a sus demandas laborales.<\/p>\n\n\n\n<p>En la zona norte del Istmo, otra protesta es en jurisdicci\u00f3n del municipio de San Juan Guichicovi, sobre la v\u00eda del tren Trans\u00edstimico, en los l\u00edmites de Mogo\u00f1\u00e9 Viejo con El Zarzal, por parte de comuneros y ejidatarios inconformes con el proyecto presidencial.<\/p>\n\n\n\n<p>Mientras tanto, pobladores de la Villa de Zaachila retienen a trabajadores del Gobierno del Estado en las oficinas de Ciudad Administrativa, ubicadas en Tlalixtac de Cabrera, para exigir el cumplimiento a una obra p\u00fablica.<\/p>\n\n\n\n<p>Y en la regi\u00f3n de la Mixteca, familiares y activistas cierran la v\u00eda Libramiento Norte, en Huajuapan de Le\u00f3n, para demandar justicia por el feminicidio de una mujer, ocurrido el pasado 5 de mayo en el municipio de San Pedro y San Pablo Tequixtepec.<\/p>\n\n\n\n<p>La Secretar\u00eda General de Gobierno no ha informado si hay atenci\u00f3n a estos conflictos.<\/p>\n","protected":false},"excerpt":{"rendered":"<p>Redacci\u00f3n\/Zona Roja. Oaxaca de Ju\u00e1rez, Oax., 13 de mayo de 2021.- Al menos cinco protestas&hellip;<\/p>\n","protected":false},"author":2,"featured_media":27195,"comment_status":"closed","ping_status":"open","sticky":false,"template":"","format":"standard","meta":{"_lmt_disableupdate":"","_lmt_disable":"","_jetpack_memberships_contains_paid_content":false,"footnotes":""},"categories":[109,47],"tags":[125],"class_list":["post-27194","post","type-post","status-publish","format-standard","has-post-thumbnail","hentry","category-minuto-a-minuto","category-zona-gris","tag-santo-domingo-tehuantepec"],"jetpack_featured_media_url":"https:\/\/zonaroja.com.mx\/wp-content\/uploads\/2021\/05\/Bloqueos-Istmo.jpg","jetpack_sharing_enabled":true,"_links":{"self":[{"href":"https:\/\/zonaroja.com.mx\/index.php?rest_route=\/wp\/v2\/posts\/27194","targetHints":{"allow":["GET"]}}],"collection":[{"href":"https:\/\/zonaroja.com.mx\/index.php?rest_route=\/wp\/v2\/posts"}],"about":[{"href":"https:\/\/zonaroja.com.mx\/index.php?rest_route=\/wp\/v2\/types\/post"}],"author":[{"embeddable":true,"href":"https:\/\/zonaroja.com.mx\/index.php?rest_route=\/wp\/v2\/users\/2"}],"replies":[{"embeddable":true,"href":"https:\/\/zonaroja.com.mx\/index.php?rest_route=%2Fwp%2Fv2%2Fcomments&post=27194"}],"version-history":[{"count":1,"href":"https:\/\/zonaroja.com.mx\/index.php?rest_route=\/wp\/v2\/posts\/27194\/revisions"}],"predecessor-version":[{"id":27196,"href":"https:\/\/zonaroja.com.mx\/index.php?rest_route=\/wp\/v2\/posts\/27194\/revisions\/27196"}],"wp:featuredmedia":[{"embeddable":true,"href":"https:\/\/zonaroja.com.mx\/index.php?rest_route=\/wp\/v2\/media\/27195"}],"wp:attachment":[{"href":"https:\/\/zonaroja.com.mx\/index.php?rest_route=%2Fwp%2Fv2%2Fmedia&parent=27194"}],"wp:term":[{"taxonomy":"category","embeddable":true,"href":"https:\/\/zonaroja.com.mx\/index.php?rest_route=%2Fwp%2Fv2%2Fcategories&post=27194"},{"taxonomy":"post_tag","embeddable":true,"href":"https:\/\/zonaroja.com.mx\/index.php?rest_route=%2Fwp%2Fv2%2Ftags&post=27194"}],"curies":[{"name":"wp","href":"https:\/\/api.w.org\/{rel}","templated":true}]}}