{"id":27197,"date":"2021-05-13T15:35:51","date_gmt":"2021-05-13T20:35:51","guid":{"rendered":"http:\/\/www.zonaroja.com.mx\/?p=27197"},"modified":"2021-05-13T15:35:59","modified_gmt":"2021-05-13T20:35:59","slug":"justicia-para-maria-exigen-detencion-de-feminicida-en-la-mixteca","status":"publish","type":"post","link":"https:\/\/zonaroja.com.mx\/?p=27197","title":{"rendered":"Justicia para Mar\u00eda: exigen detenci\u00f3n de feminicida en la Mixteca"},"content":{"rendered":"\n<p>Evlin Arag\u00f3n\/Zona Roja.<\/p>\n\n\n\n<p>Oaxaca de Ju\u00e1rez, Oax., 13 de mayo de 2021.- \u201c\u00a1Mar\u00eda hermana aqu\u00ed est\u00e1 tu manada!\u201d, \u201c\u00a1Ni una m\u00e1s, ni una m\u00e1s, ni una asesinada m\u00e1s!\u201d, \u201c\u00a1Por Mar\u00eda Burgos, justicia!\u201d, fueron las principales consignas que se enunciaron este jueves en Huajuapan de Le\u00f3n, para exigir justicia por el terrible asesinato de Mar\u00eda Paula Burgos, registrado el pasado cinco de mayo.&nbsp;<\/p>\n\n\n\n<p>Alrededor de las 11 de la ma\u00f1ana, familiares y activistas feministas, de los colectivos Marea Verde Mixteca e Hijas de la Luna, bloquearon el acceso al Centro de Justicia para las Mujeres, dependiente de la Fiscal\u00eda General de Justicia de Oaxaca, para exigir la detenci\u00f3n de Raymundo C.M., se\u00f1alado como presunto feminicida de la mujer de 63 a\u00f1os de edad.&nbsp;<\/p>\n\n\n\n<p>\u201cLa protesta es porque queremos justicia, porque buscamos que la autoridad haga algo. Nuestra hermana Mar\u00eda Paula Burgos Calvo fue asesinada de una manera muy brutal por un hombre que ha sido identificado, sin embargo, la autoridad del pueblo no ha hecho nada por buscarlo\u201d, refiri\u00f3 una de las manifestantes.&nbsp;<\/p>\n\n\n\n<p>En este sentido, record\u00f3 que hay un hartazgo generalizado por parte de las mujeres en torno a la violencia que son v\u00edctimas en todo el pa\u00eds; as\u00ed mismo, reproch\u00f3 la lentitud de las autoridades, ya que han pasado ocho d\u00edas de los hechos y aun no se sabe el paradero del feminicida.&nbsp;<\/p>\n\n\n\n<p>Por su parte, Norma, prima de la v\u00edctima, indic\u00f3 que las autoridades municipales han buscado lavarse las manos y no se han hecho responsables de la b\u00fasqueda del agresor, que est\u00e1 plenamente identificado; a la par que tampoco han sido atendidos por personal de la Fiscal\u00eda, de ah\u00ed la movilizaci\u00f3n de este jueves.\u00a0<\/p>\n\n\n\n<figure class=\"wp-block-embed-twitter wp-block-embed is-type-rich is-provider-twitter\"><div class=\"wp-block-embed__wrapper\">\n<div class=\"twitter-tweet\"><blockquote class=\"twitter-tweet\" data-lang=\"es\"><p lang=\"es\" dir=\"ltr\"><a href=\"https:\/\/twitter.com\/hashtag\/%C3%9AltimoMinuto?src=hash&amp;ref_src=twsrc%5Etfw\">#\u00daltimoMinuto<\/a> <br>En la sede de la Vicefiscal\u00eda Regional de la Mixteca de la <a href=\"https:\/\/twitter.com\/FISCALIA_GobOax?ref_src=twsrc%5Etfw\">@FISCALIA_GobOax<\/a>, en Huajuapan, Oaxaca, familiares y colectivos protestan para exigir <a href=\"https:\/\/twitter.com\/hashtag\/JusticiaParaMar%C3%ADa?src=hash&amp;ref_src=twsrc%5Etfw\">#JusticiaParaMar\u00eda<\/a>, mujer asesinada el 5 de mayo en Tequixtepec. <a href=\"https:\/\/t.co\/8F9G1hkAGM\">pic.twitter.com\/8F9G1hkAGM<\/a><\/p>&mdash; Zona Roja Oaxaca (@Zona_Roja_Oax) <a href=\"https:\/\/twitter.com\/Zona_Roja_Oax\/status\/1392921930462863363?ref_src=twsrc%5Etfw\">13 de mayo de 2021<\/a><\/blockquote><\/div>\n<\/div><\/figure>\n\n\n\n<p>De igual forma indic\u00f3 que el feminicidio es parte de la negligencia de las autoridades municipales, ya que Mar\u00eda hab\u00eda hecho denuncias previas en contra del sujeto, quien le robo parte de su ganado e incluso la hostig\u00f3 sexualmente, lo cual ya era de conocimiento del s\u00edndico.<\/p>\n\n\n\n<p>Finalmente pidi\u00f3 protecci\u00f3n para Silverio, hermano de Mar\u00eda Paula y con quien adem\u00e1s compart\u00eda vivienda, quien se encuentra en riesgo de ser atacado por el criminal.&nbsp;<\/p>\n\n\n\n<p>La protesta se extendi\u00f3 por algunos minutos e incluy\u00f3 el cierre carretero frente al inmueble, en donde las consignas continuaron e incluso las manifestantes entonaron la canci\u00f3n \u201cSin miedo\u201d de la cantautora Vivir Quintana que se ha convertido en estandarte de la lucha en contra de la violencia feminicida.&nbsp;<\/p>\n\n\n\n<p>\u201c\u00a1Se\u00f1or, se\u00f1ora, no sea indiferente se mata a las mujeres en la cara de la gente!\u201d, \u201c\u00a1Porque vivas, vivas estamos, vivas nos queremos!\u201d, corearon las mujeres a las afueras de la dependencia.<\/p>\n\n\n\n<p>Fue el pasado cinco de mayo que San Pedro y San Pablo Tequixtepec se visti\u00f3 de luto ante el cruel asesinato de Mar\u00eda, cuya vida le arrebataron a machetazos, de acuerdo con los testimonios.<\/p>\n","protected":false},"excerpt":{"rendered":"<p>Evlin Arag\u00f3n\/Zona Roja. Oaxaca de Ju\u00e1rez, Oax., 13 de mayo de 2021.- \u201c\u00a1Mar\u00eda hermana aqu\u00ed&hellip;<\/p>\n","protected":false},"author":2,"featured_media":27198,"comment_status":"closed","ping_status":"open","sticky":false,"template":"","format":"standard","meta":{"_lmt_disableupdate":"","_lmt_disable":"","_jetpack_memberships_contains_paid_content":false,"footnotes":""},"categories":[109,47],"tags":[2670],"class_list":["post-27197","post","type-post","status-publish","format-standard","has-post-thumbnail","hentry","category-minuto-a-minuto","category-zona-gris","tag-maria-paula-burgos-calvo"],"jetpack_featured_media_url":"https:\/\/zonaroja.com.mx\/wp-content\/uploads\/2021\/05\/Protesta-Huajuapan-feminicidio.jpg","jetpack_sharing_enabled":true,"_links":{"self":[{"href":"https:\/\/zonaroja.com.mx\/index.php?rest_route=\/wp\/v2\/posts\/27197","targetHints":{"allow":["GET"]}}],"collection":[{"href":"https:\/\/zonaroja.com.mx\/index.php?rest_route=\/wp\/v2\/posts"}],"about":[{"href":"https:\/\/zonaroja.com.mx\/index.php?rest_route=\/wp\/v2\/types\/post"}],"author":[{"embeddable":true,"href":"https:\/\/zonaroja.com.mx\/index.php?rest_route=\/wp\/v2\/users\/2"}],"replies":[{"embeddable":true,"href":"https:\/\/zonaroja.com.mx\/index.php?rest_route=%2Fwp%2Fv2%2Fcomments&post=27197"}],"version-history":[{"count":1,"href":"https:\/\/zonaroja.com.mx\/index.php?rest_route=\/wp\/v2\/posts\/27197\/revisions"}],"predecessor-version":[{"id":27199,"href":"https:\/\/zonaroja.com.mx\/index.php?rest_route=\/wp\/v2\/posts\/27197\/revisions\/27199"}],"wp:featuredmedia":[{"embeddable":true,"href":"https:\/\/zonaroja.com.mx\/index.php?rest_route=\/wp\/v2\/media\/27198"}],"wp:attachment":[{"href":"https:\/\/zonaroja.com.mx\/index.php?rest_route=%2Fwp%2Fv2%2Fmedia&parent=27197"}],"wp:term":[{"taxonomy":"category","embeddable":true,"href":"https:\/\/zonaroja.com.mx\/index.php?rest_route=%2Fwp%2Fv2%2Fcategories&post=27197"},{"taxonomy":"post_tag","embeddable":true,"href":"https:\/\/zonaroja.com.mx\/index.php?rest_route=%2Fwp%2Fv2%2Ftags&post=27197"}],"curies":[{"name":"wp","href":"https:\/\/api.w.org\/{rel}","templated":true}]}}