{"id":27200,"date":"2021-05-13T20:45:06","date_gmt":"2021-05-14T01:45:06","guid":{"rendered":"http:\/\/www.zonaroja.com.mx\/?p=27200"},"modified":"2021-05-13T20:45:09","modified_gmt":"2021-05-14T01:45:09","slug":"propone-nallely-ortiz-un-santa-lucia-del-camino-incluyente-con-servicios-utiles","status":"publish","type":"post","link":"https:\/\/zonaroja.com.mx\/?p=27200","title":{"rendered":"Propone Nallely Ortiz un Santa Luc\u00eda del Camino incluyente con servicios \u00fatiles"},"content":{"rendered":"\n<p>Redacci\u00f3n\/Zona Roja.<\/p>\n\n\n\n<p>Oaxaca de Ju\u00e1rez, Oax., 13 de mayo de 2021.- A 10 d\u00edas de recorrer el municipio de Santa Luc\u00eda del Camino, la campa\u00f1a de la candidata a la presidencia municipal por Nueva Alianza, Nallely Ortiz Jim\u00e9nez, ha ido sumando cada vez m\u00e1s simpatizantes, quienes luego de conocer sus propuestas ven como una alternativa de cambio el proyecto que encabeza.<\/p>\n\n\n\n<p>Con el eje denominado Bienestar Social Incluyente, padres y madres de familia de esta municipalidad, han trazado una alianza con Ortiz Jim\u00e9nez, toda vez que la propuesta de crear una Estancia Infantil Municipal, que cumpla con las medidas de seguridad y protocolos federales, es una soluci\u00f3n exigida por quienes no tienen donde dejar a sus hijos para ir a laborar.<\/p>\n\n\n\n<figure class=\"wp-block-embed-twitter wp-block-embed is-type-rich is-provider-twitter\"><div class=\"wp-block-embed__wrapper\">\n<div class=\"twitter-tweet\"><blockquote class=\"twitter-tweet\" data-lang=\"es\"><p lang=\"es\" dir=\"ltr\">Agradezco el respaldo de la Col. L\u00f3pez Portillo, por unirse a este proyecto que es para el beneficio de todas y todos.<br><br>Este 6 de junio vota por Nallely Ortiz \u270c\ud83c\udffd<a href=\"https:\/\/twitter.com\/hashtag\/MujerdeResultados?src=hash&amp;ref_src=twsrc%5Etfw\">#MujerdeResultados<\/a> <a href=\"https:\/\/twitter.com\/hashtag\/MujerdePalabra?src=hash&amp;ref_src=twsrc%5Etfw\">#MujerdePalabra<\/a> <a href=\"https:\/\/twitter.com\/hashtag\/MujerDeTrabajo?src=hash&amp;ref_src=twsrc%5Etfw\">#MujerDeTrabajo<\/a> <a href=\"https:\/\/t.co\/qWqENdbJZz\">pic.twitter.com\/qWqENdbJZz<\/a><\/p>&mdash; Nallely Ortiz (@NallelyOrtizj) <a href=\"https:\/\/twitter.com\/NallelyOrtizj\/status\/1392952019758063617?ref_src=twsrc%5Etfw\">13 de mayo de 2021<\/a><\/blockquote><\/div>\n<\/div><\/figure>\n\n\n\n<p>\u00a1Mi palabra es compromiso que vale!, es el lema que est\u00e1 haciendo eco en el pueblo santalucense, donde este 6 de junio a trav\u00e9s del voto de hombres y mujeres que aqu\u00ed habitan, \u00abse puede lograr la restituci\u00f3n gubernamental, dignificar la calidad de vida y hacer que las cosas funcionen como deben\u00bb argument\u00f3 la abanderada Turquesa.\u00a0<\/p>\n\n\n\n<p>En el d\u00eda d\u00e9cimo de campa\u00f1a, Nallely Ortiz, tuvo una caminata y encuentros con vecinos de la colonia Jos\u00e9 L\u00f3pez Portillo, Las Flores, as\u00ed como en las agencias municipales de San Francisco Tutla y Santa Mar\u00eda Ixcotel.<\/p>\n","protected":false},"excerpt":{"rendered":"<p>Redacci\u00f3n\/Zona Roja. Oaxaca de Ju\u00e1rez, Oax., 13 de mayo de 2021.- A 10 d\u00edas de&hellip;<\/p>\n","protected":false},"author":2,"featured_media":27201,"comment_status":"closed","ping_status":"open","sticky":false,"template":"","format":"standard","meta":{"_lmt_disableupdate":"","_lmt_disable":"","_jetpack_memberships_contains_paid_content":false,"footnotes":""},"categories":[46],"tags":[],"class_list":["post-27200","post","type-post","status-publish","format-standard","has-post-thumbnail","hentry","category-zona-blanca"],"jetpack_featured_media_url":"https:\/\/zonaroja.com.mx\/wp-content\/uploads\/2021\/05\/Nallely-Ortiz.jpg","jetpack_sharing_enabled":true,"_links":{"self":[{"href":"https:\/\/zonaroja.com.mx\/index.php?rest_route=\/wp\/v2\/posts\/27200","targetHints":{"allow":["GET"]}}],"collection":[{"href":"https:\/\/zonaroja.com.mx\/index.php?rest_route=\/wp\/v2\/posts"}],"about":[{"href":"https:\/\/zonaroja.com.mx\/index.php?rest_route=\/wp\/v2\/types\/post"}],"author":[{"embeddable":true,"href":"https:\/\/zonaroja.com.mx\/index.php?rest_route=\/wp\/v2\/users\/2"}],"replies":[{"embeddable":true,"href":"https:\/\/zonaroja.com.mx\/index.php?rest_route=%2Fwp%2Fv2%2Fcomments&post=27200"}],"version-history":[{"count":1,"href":"https:\/\/zonaroja.com.mx\/index.php?rest_route=\/wp\/v2\/posts\/27200\/revisions"}],"predecessor-version":[{"id":27202,"href":"https:\/\/zonaroja.com.mx\/index.php?rest_route=\/wp\/v2\/posts\/27200\/revisions\/27202"}],"wp:featuredmedia":[{"embeddable":true,"href":"https:\/\/zonaroja.com.mx\/index.php?rest_route=\/wp\/v2\/media\/27201"}],"wp:attachment":[{"href":"https:\/\/zonaroja.com.mx\/index.php?rest_route=%2Fwp%2Fv2%2Fmedia&parent=27200"}],"wp:term":[{"taxonomy":"category","embeddable":true,"href":"https:\/\/zonaroja.com.mx\/index.php?rest_route=%2Fwp%2Fv2%2Fcategories&post=27200"},{"taxonomy":"post_tag","embeddable":true,"href":"https:\/\/zonaroja.com.mx\/index.php?rest_route=%2Fwp%2Fv2%2Ftags&post=27200"}],"curies":[{"name":"wp","href":"https:\/\/api.w.org\/{rel}","templated":true}]}}