{"id":27203,"date":"2021-05-13T21:41:07","date_gmt":"2021-05-14T02:41:07","guid":{"rendered":"http:\/\/www.zonaroja.com.mx\/?p=27203"},"modified":"2021-05-13T21:41:09","modified_gmt":"2021-05-14T02:41:09","slug":"vinculan-a-proceso-a-alcaldesa-morenista-de-nochixtlan-por-desaparicion-de-claudia","status":"publish","type":"post","link":"https:\/\/zonaroja.com.mx\/?p=27203","title":{"rendered":"Vinculan a proceso a alcaldesa morenista de Nochixtl\u00e1n, por desaparici\u00f3n de Claudia"},"content":{"rendered":"\n<p>Redacci\u00f3n\/Zona Roja.<\/p>\n\n\n\n<p>Oaxaca de Ju\u00e1rez, Oax., 13 de mayo de 2021.- Un juez del Poder Judicial del Estado de Oaxaca determin\u00f3 hoy vincular a proceso a tres personas detenidas, acusadas de la desaparici\u00f3n forzada de Claudia Uruchurtu Cruz.<\/p>\n\n\n\n<p>Una de ellas es la presidenta municipal con licencia de Asunci\u00f3n Nochixtl\u00e1n, Lizbeth V. H., quien contend\u00eda por la reelecci\u00f3n por el Partido Morena; las otras dos son identificadas con las siglas J. R. M. M. y J. A. H. M.<\/p>\n\n\n\n<p>A los tres tambi\u00e9n se les dict\u00f3 prisi\u00f3n preventiva, en el reclusorio, femenil y varonil, respectivamente, ubicado en San Francisco Tanivet, Tlacolula.<\/p>\n\n\n\n<p>Fueron detenidas el pasado viernes en Asunci\u00f3n Nochixtl\u00e1n, por su probable participaci\u00f3n en la desaparici\u00f3n de Claudia Uruchurtu, ocurrida el 26 de marzo de este a\u00f1o.<\/p>\n\n\n\n<p>Apenas el pasado martes, el Presidente Andr\u00e9s Manuel L\u00f3pez Obrador dijo en su conferencia matutina que, seg\u00fan versiones de un testigo protegido, habr\u00edan asesinado a la mujer y una probable responsable ser\u00eda la alcaldesa de Nochixtl\u00e1n.<\/p>\n\n\n\n<p>Seg\u00fan ha rese\u00f1ado la Fiscal\u00eda General del Estado, un d\u00eda despu\u00e9s de los hechos, el 29 de marzo de 2021 recibi\u00f3 la denuncia por desaparici\u00f3n de Claudia.<\/p>\n\n\n\n<p>El 3 y 4 de abril de 2021, a trav\u00e9s de la Vicefiscal\u00eda General de Atenci\u00f3n a V\u00edctimas de la Sociedad y contando con el apoyo de elementos de la Agencia Estatal de Investigaciones, la Unidad de Desaparici\u00f3n Forzada y la Polic\u00eda Estatal, coordin\u00f3 y realiz\u00f3 un operativo de b\u00fasqueda en diferentes parajes de San Pedro Coxcaltepec C\u00e1ntaros, distrito de Nochixtl\u00e1n.<\/p>\n\n\n\n<p>El 15, 16 y 17 de abril de 2021, ejecut\u00f3 un plan de b\u00fasqueda en diferentes puntos de San Pedro Coxcaltepec y en la localidad de San Pedro Quilitongo, Nochixtl\u00e1n, coordinado por la Unidad Especializada de Desaparici\u00f3n Forzada, en el que colabor\u00f3 la Secretar\u00eda de Gobernaci\u00f3n, Comisi\u00f3n Nacional de B\u00fasqueda, elementos de la Guardia Nacional, Sedena de la Secretar\u00eda de Seguridad P\u00fablica.<\/p>\n\n\n\n<p>El 7 de mayo de 2021, ejecut\u00f3 orden de aprehensi\u00f3n contra tres personas se\u00f1aladas como probables responsables de este delito de lesa humanidad, identificados como L. V. H. (mujer) y los masculinos identificados como J. R. M. M. y J. A. H. M.<\/p>\n\n\n\n<p>De acuerdo con la Fiscal\u00eda, la estrecha colaboraci\u00f3n interinstitucional con dependencias federales ha robustecido las labores de b\u00fasqueda de la v\u00edctima, realizando acciones concretas en colaboraci\u00f3n con la Secretar\u00eda de Seguridad y Protecci\u00f3n Ciudadana (SSPC) del gobierno federal a trav\u00e9s de la Coordinaci\u00f3n Nacional Antisecuestro (Conase), y la Secretar\u00eda de Gobernaci\u00f3n (Segob) que intervino con el trabajo de la subsecretar\u00eda de Derechos Humanos, Poblaci\u00f3n y Migraci\u00f3n, adem\u00e1s de la inclusi\u00f3n de la Comisi\u00f3n Nacional de B\u00fasqueda (CNB) que ha tomado parte de las acciones de rastreo y localizaci\u00f3n.<\/p>\n","protected":false},"excerpt":{"rendered":"<p>Redacci\u00f3n\/Zona Roja. Oaxaca de Ju\u00e1rez, Oax., 13 de mayo de 2021.- Un juez del Poder&hellip;<\/p>\n","protected":false},"author":2,"featured_media":27204,"comment_status":"closed","ping_status":"open","sticky":false,"template":"","format":"standard","meta":{"_lmt_disableupdate":"","_lmt_disable":"","_jetpack_memberships_contains_paid_content":false,"footnotes":""},"categories":[109,47],"tags":[2083],"class_list":["post-27203","post","type-post","status-publish","format-standard","has-post-thumbnail","hentry","category-minuto-a-minuto","category-zona-gris","tag-lizbeth-victoria-huerta"],"jetpack_featured_media_url":"https:\/\/zonaroja.com.mx\/wp-content\/uploads\/2021\/05\/Lizbeth-Victoria-H..jpg","jetpack_sharing_enabled":true,"_links":{"self":[{"href":"https:\/\/zonaroja.com.mx\/index.php?rest_route=\/wp\/v2\/posts\/27203","targetHints":{"allow":["GET"]}}],"collection":[{"href":"https:\/\/zonaroja.com.mx\/index.php?rest_route=\/wp\/v2\/posts"}],"about":[{"href":"https:\/\/zonaroja.com.mx\/index.php?rest_route=\/wp\/v2\/types\/post"}],"author":[{"embeddable":true,"href":"https:\/\/zonaroja.com.mx\/index.php?rest_route=\/wp\/v2\/users\/2"}],"replies":[{"embeddable":true,"href":"https:\/\/zonaroja.com.mx\/index.php?rest_route=%2Fwp%2Fv2%2Fcomments&post=27203"}],"version-history":[{"count":1,"href":"https:\/\/zonaroja.com.mx\/index.php?rest_route=\/wp\/v2\/posts\/27203\/revisions"}],"predecessor-version":[{"id":27205,"href":"https:\/\/zonaroja.com.mx\/index.php?rest_route=\/wp\/v2\/posts\/27203\/revisions\/27205"}],"wp:featuredmedia":[{"embeddable":true,"href":"https:\/\/zonaroja.com.mx\/index.php?rest_route=\/wp\/v2\/media\/27204"}],"wp:attachment":[{"href":"https:\/\/zonaroja.com.mx\/index.php?rest_route=%2Fwp%2Fv2%2Fmedia&parent=27203"}],"wp:term":[{"taxonomy":"category","embeddable":true,"href":"https:\/\/zonaroja.com.mx\/index.php?rest_route=%2Fwp%2Fv2%2Fcategories&post=27203"},{"taxonomy":"post_tag","embeddable":true,"href":"https:\/\/zonaroja.com.mx\/index.php?rest_route=%2Fwp%2Fv2%2Ftags&post=27203"}],"curies":[{"name":"wp","href":"https:\/\/api.w.org\/{rel}","templated":true}]}}