{"id":27206,"date":"2021-05-13T22:11:48","date_gmt":"2021-05-14T03:11:48","guid":{"rendered":"http:\/\/www.zonaroja.com.mx\/?p=27206"},"modified":"2021-05-13T22:11:51","modified_gmt":"2021-05-14T03:11:51","slug":"estructura-del-prd-brinda-todo-el-respaldo-a-javier-villacana-y-confia-en-triunfo","status":"publish","type":"post","link":"https:\/\/zonaroja.com.mx\/?p=27206","title":{"rendered":"Estructura del PRD brinda todo el respaldo a Javier Villaca\u00f1a y conf\u00eda en triunfo"},"content":{"rendered":"\n<p>Redacci\u00f3n\/Zona Roja.<\/p>\n\n\n\n<p>Oaxaca de Ju\u00e1rez, Oax. 13 de mayo del 2021.- La militancia y simpatizantes del Partido de la Revoluci\u00f3n Democr\u00e1tica de la capital de Oaxaca garantizaron su respaldo en las urnas al candidato com\u00fan del PRI, PAN y PRD, Javier Villaca\u00f1a Jim\u00e9nez porque \u201ces un hombre de compromisos que camina de la mano del pueblo\u201d.<\/p>\n\n\n\n<p>En reuni\u00f3n con la estructura perredista celebrada en la explanada de la colonia Los \u00c1ngeles, asentamiento que fue reconocido como tal por la intervenci\u00f3n que como diputado local hiciera Javier Villaca\u00f1a Jim\u00e9nez, el hoy candidato a presidente municipal por las tres fuerzas pol\u00edticas cosecha lo que ha sembrado a lo largo de su carrera.<\/p>\n\n\n\n<p>Integrantes de la dirigencia colectiva del Partido de la Revoluci\u00f3n Democr\u00e1tica externaron su confianza en Javier Villaca\u00f1a Jim\u00e9nez para que encabece la comuna de Oaxaca de Ju\u00e1rez a partir del primer d\u00eda de enero del 2022, toda vez que ha demostrado en los hechos saber trabajar y dar resultados como la ciudadan\u00eda lo merece.<\/p>\n\n\n\n<p>Palem\u00f3n Gregorio Bautista, presidente de la mesa directiva del consejo estatal; Gabriel Antonio V\u00e1squez L\u00f3pez de Gobierno y Asuntos Legislativos; Juanita Diana Melchor V\u00e1squez, Secretaria de Planeaci\u00f3n y Organizaci\u00f3n; y, Evelin Mendoza Nava, Secretaria de Asuntos Electorales, a nombre del perredismo capitalino refrendaron el apoyo total a Villaca\u00f1a.<\/p>\n\n\n\n<figure class=\"wp-block-embed-twitter wp-block-embed is-type-rich is-provider-twitter\"><div class=\"wp-block-embed__wrapper\">\n<div class=\"twitter-tweet\"><blockquote class=\"twitter-tweet\" data-lang=\"es\"><p lang=\"es\" dir=\"ltr\">Estamos haciendo equipo por nuestro municipio; hoy en la Agencia de Polic\u00eda de Cinco Se\u00f1ores, reiteramos nuestro compromiso de trabajar de la mano con la ciudadan\u00eda, para hacer de <a href=\"https:\/\/twitter.com\/hashtag\/OaxacaDeJu%C3%A1rez?src=hash&amp;ref_src=twsrc%5Etfw\">#OaxacaDeJu\u00e1rez<\/a> una ciudad con rumbo y oportunidades para todas y todos. <a href=\"https:\/\/twitter.com\/hashtag\/JuntosLoHaremosDeNuevo?src=hash&amp;ref_src=twsrc%5Etfw\">#JuntosLoHaremosDeNuevo<\/a> <a href=\"https:\/\/t.co\/FzMq7oWvmI\">pic.twitter.com\/FzMq7oWvmI<\/a><\/p>&mdash; Javier Villaca\u00f1a (@JavierVillacana) <a href=\"https:\/\/twitter.com\/JavierVillacana\/status\/1393007263531642881?ref_src=twsrc%5Etfw\">14 de mayo de 2021<\/a><\/blockquote><\/div>\n<\/div><\/figure>\n\n\n\n<p>Ante el candidato a diputado plurinominal, Elo\u00ed V\u00e1squez L\u00f3pez; Teresa Solano Moreno, aspirante a concejal e integrantes de la planilla, Javier Villaca\u00f1a Jim\u00e9nez afirm\u00f3 que no solo se trata de una alianza electoral sino de construir un gobierno plural que garantice la atenci\u00f3n a todos los ciudadanos sin distingo alguno.<\/p>\n\n\n\n<p>RESPALDO A COLONIAS<\/p>\n\n\n\n<p>Previamente, en conferencia de prensa, Villaca\u00f1a Jim\u00e9nez reiter\u00f3 que uno de los ejes transversales de su gobierno es garantizar que las obras y recursos otorguen beneficios directos a las familias de la capital.<\/p>\n\n\n\n<p>Destac\u00f3 los compromisos contra\u00eddos dentro de su propuesta de trabajo con las agencias municipales y Comvives, como son establecer de manera anual un techo financiero para realizar las obras y acciones que verdaderamente se requieran en cada una de las agencias de la ciudad.<\/p>\n\n\n\n<p>Para ello -abund\u00f3- tiene como prop\u00f3sito promover la planeaci\u00f3n participativa de las vecinas y vecinos, para que sea la comunidad quien decida cuales son las obras que se necesitan para mejorar su calidad de vida.<\/p>\n\n\n\n<p>El abanderado del PRI, PAN y PRD explic\u00f3 que para garantizar los resultados de esta estrategia sostendr\u00e1 reuniones bimestrales con los presidentes de los Comvives para el dise\u00f1o e implementaci\u00f3n de mecanismos que permitan atender las necesidades m\u00e1s apremiantes.<\/p>\n\n\n\n<figure class=\"wp-block-embed-twitter wp-block-embed is-type-rich is-provider-twitter\"><div class=\"wp-block-embed__wrapper\">\n<div class=\"twitter-tweet\"><blockquote class=\"twitter-tweet\" data-lang=\"es\"><p lang=\"es\" dir=\"ltr\"><a href=\"https:\/\/twitter.com\/hashtag\/ENVIVO?src=hash&amp;ref_src=twsrc%5Etfw\">#ENVIVO<\/a>. <br>Oaxaca de Ju\u00e1rez, Oax., a 13 de mayo de 2021.-Conferencia de prensa del candidato a presidente municipal de Oaxaca de Ju\u00e1rez, Javier Villaca\u00f1as Jim\u00e9nez. <br>Siga la transmisi\u00f3n: <br>\ud83d\udc47<a href=\"https:\/\/t.co\/GjOyaCfLRI\">https:\/\/t.co\/GjOyaCfLRI<\/a> <a href=\"https:\/\/t.co\/z0tkFdKPeC\">pic.twitter.com\/z0tkFdKPeC<\/a><\/p>&mdash; Zona Roja Oaxaca (@Zona_Roja_Oax) <a href=\"https:\/\/twitter.com\/Zona_Roja_Oax\/status\/1392849472091168770?ref_src=twsrc%5Etfw\">13 de mayo de 2021<\/a><\/blockquote><\/div>\n<\/div><\/figure>\n\n\n\n<p>Con el prop\u00f3sito de promover la certeza jur\u00eddica y legalidad, Javier Villaca\u00f1a hizo tambi\u00e9n el compromiso de impulsar un programa interinstitucional de regularizaci\u00f3n y uso de suelo involucrando la participaci\u00f3n de Autoridades Comunales y Ejidales.<\/p>\n\n\n\n<p>Adem\u00e1s, dando cumplimiento a la ley, llevar\u00e1 a cabo una audiencia p\u00fablica en cada agencia al menos cada seis meses, fortaleciendo los v\u00ednculos de comunicaci\u00f3n, la pluralidad y cercan\u00eda con la gente, como se caracteriz\u00f3 su gesti\u00f3n municipal hace siete a\u00f1os.<\/p>\n\n\n\n<p>INCLUSI\u00d3N Y DIVERSIDAD<\/p>\n\n\n\n<p>Durante su encuentro con las y los representantes de los medios de comunicaci\u00f3n, Javier Villaca\u00f1a tambi\u00e9n hizo patente su compromiso con la inclusi\u00f3n, la no discriminaci\u00f3n y el respeto, espec\u00edficamente con la comunidad LGBTTTIQ+.<\/p>\n\n\n\n<p>En ese sentido, asegur\u00f3 que fortalecer\u00e1 el \u00e1rea de atenci\u00f3n a las personas que se identifican con la comunidad LGBTTTIQ+, instaurando una Direcci\u00f3n General para el dise\u00f1o e implementaci\u00f3n de pol\u00edticas encaminadas a evitar la discriminaci\u00f3n y la violencia hacia este sector.<\/p>\n\n\n\n<p>\u201cA trav\u00e9s de esta \u00e1rea, se dar\u00e1 la atenci\u00f3n pertinente a las personas de la diversidad sexual. Reconocemos su aportaci\u00f3n a la vida social y productiva de la sociedad y como tal, cuentan con nuestro respaldo y compromiso\u201d, puntualiz\u00f3.<\/p>\n","protected":false},"excerpt":{"rendered":"<p>Redacci\u00f3n\/Zona Roja. Oaxaca de Ju\u00e1rez, Oax. 13 de mayo del 2021.- La militancia y simpatizantes&hellip;<\/p>\n","protected":false},"author":2,"featured_media":27207,"comment_status":"closed","ping_status":"open","sticky":false,"template":"","format":"standard","meta":{"_lmt_disableupdate":"","_lmt_disable":"","_jetpack_memberships_contains_paid_content":false,"footnotes":""},"categories":[109,46],"tags":[2456],"class_list":["post-27206","post","type-post","status-publish","format-standard","has-post-thumbnail","hentry","category-minuto-a-minuto","category-zona-blanca","tag-javier-villacana-jimenez"],"jetpack_featured_media_url":"https:\/\/zonaroja.com.mx\/wp-content\/uploads\/2021\/05\/13May-Reinion-PRD.jpeg","jetpack_sharing_enabled":true,"_links":{"self":[{"href":"https:\/\/zonaroja.com.mx\/index.php?rest_route=\/wp\/v2\/posts\/27206","targetHints":{"allow":["GET"]}}],"collection":[{"href":"https:\/\/zonaroja.com.mx\/index.php?rest_route=\/wp\/v2\/posts"}],"about":[{"href":"https:\/\/zonaroja.com.mx\/index.php?rest_route=\/wp\/v2\/types\/post"}],"author":[{"embeddable":true,"href":"https:\/\/zonaroja.com.mx\/index.php?rest_route=\/wp\/v2\/users\/2"}],"replies":[{"embeddable":true,"href":"https:\/\/zonaroja.com.mx\/index.php?rest_route=%2Fwp%2Fv2%2Fcomments&post=27206"}],"version-history":[{"count":1,"href":"https:\/\/zonaroja.com.mx\/index.php?rest_route=\/wp\/v2\/posts\/27206\/revisions"}],"predecessor-version":[{"id":27208,"href":"https:\/\/zonaroja.com.mx\/index.php?rest_route=\/wp\/v2\/posts\/27206\/revisions\/27208"}],"wp:featuredmedia":[{"embeddable":true,"href":"https:\/\/zonaroja.com.mx\/index.php?rest_route=\/wp\/v2\/media\/27207"}],"wp:attachment":[{"href":"https:\/\/zonaroja.com.mx\/index.php?rest_route=%2Fwp%2Fv2%2Fmedia&parent=27206"}],"wp:term":[{"taxonomy":"category","embeddable":true,"href":"https:\/\/zonaroja.com.mx\/index.php?rest_route=%2Fwp%2Fv2%2Fcategories&post=27206"},{"taxonomy":"post_tag","embeddable":true,"href":"https:\/\/zonaroja.com.mx\/index.php?rest_route=%2Fwp%2Fv2%2Ftags&post=27206"}],"curies":[{"name":"wp","href":"https:\/\/api.w.org\/{rel}","templated":true}]}}