{"id":2722,"date":"2019-08-01T18:59:31","date_gmt":"2019-08-01T23:59:31","guid":{"rendered":"http:\/\/www.zonaroja.com.mx\/?p=2722"},"modified":"2019-08-01T18:59:33","modified_gmt":"2019-08-01T23:59:33","slug":"exigen-ddhpo-y-organismos-civiles-liberacion-de-siete-mujeres-en-alotepec-mixe","status":"publish","type":"post","link":"https:\/\/zonaroja.com.mx\/?p=2722","title":{"rendered":"Exigen DDHPO y organismos civiles liberaci\u00f3n de siete mujeres en Alotepec Mixe"},"content":{"rendered":"\n<p>Ismael Garc\u00eda M.<\/p>\n\n\n\n<p>Oaxaca de Ju\u00e1rez, Oax., 1 de agosto de 2019.- Organismos de la\nsociedad civil y la Defensor\u00eda de los Derechos Humanos del Pueblo de Oaxaca\n(DDHPO) exigieron hoy la liberaci\u00f3n de siete mujeres, retenidas en la c\u00e1rcel\nmunicipal de Santa Mar\u00eda Alotepec Mixe, de la regi\u00f3n Sierra Ju\u00e1rez del estado.<\/p>\n\n\n\n<p>De acuerdo con una denuncia presentada por familiares de las\nafectadas, las mujeres forman parte de la cocina comunitaria de la localidad y\nfue la posesi\u00f3n de insumos de dicho inmueble lo que provoc\u00f3 su retenci\u00f3n este\njueves.<\/p>\n\n\n\n<p>El organismo defensor inici\u00f3 un Cuaderno de Antecedentes y emiti\u00f3\nmedidas cautelares a las autoridades para que se garanticen los derechos\nhumanos de las mujeres retenidas.<\/p>\n\n\n\n<p>De manera paralela, la Defensor\u00eda emprendi\u00f3 un di\u00e1logo con las\nautoridades de Alotepec en la b\u00fasqueda de conciliar y evitar que se registren\nmayores afectaciones a las personas que se encuentran en el centro de detenci\u00f3n\nmunicipal.<\/p>\n\n\n\n<p>Por su parte, diversos organismos de la sociedad civil confirmaron la\nretenci\u00f3n de las siete mujeres y otras m\u00e1s que se encuentran resguardadas en\nsus hogares, \u201cpor no prestar a la autoridad municipal los trastes del comedor\ncomunitario que tienen bajo su resguardo\u201d.<\/p>\n\n\n\n<p>\u201cComo organizaciones de derechos humanos nos preocupa profundamente la\nsituaci\u00f3n que est\u00e1n enfrentando las mujeres mixes de la comunidad de Santa Mar\u00eda\nAlotepec, seg\u00fan datos recabados recientemente (16:30 horas) las mujeres a\u00fan\npermanecen privadas de su libertad a pesar de las medidas cautelares que ja\nemitido la Defensor\u00eda\u201d, expusieron en un comunicado.<\/p>\n\n\n\n<p>Hicieron un llamado urgente a la Fiscal\u00eda General del Estado, a trav\u00e9s\nde Fiscal\u00eda Especializada para la Atenci\u00f3n de Delitos contra la Mujer por Raz\u00f3n\nde G\u00e9nero para su inmediata intervenci\u00f3n a fin de evitar que se sigan\nvulnerando los derechos de las mujeres ind\u00edgenas privadas de su libertad.<\/p>\n\n\n\n<p>Tambi\u00e9n a la Secretar\u00eda de la Mujer Oaxaque\u00f1a, la Secretar\u00eda de\nPueblos Ind\u00edgenas y Afromexicano y la Secretar\u00eda General de Gobierno, su\ninmediata intervenci\u00f3n para la liberaci\u00f3n e instruyan a las autoridades\nmunicipales capacitaci\u00f3n para juzgar con perspectiva de g\u00e9nero y respeto a los\nderechos humanos.<\/p>\n\n\n\n<p>\u201cExhortamos a las autoridades de Santa Mar\u00eda Alotepec a poner en\ninmediata libertad a las mujeres ind\u00edgenas privadas de su libertad, y buscar\notros mecanismo de procuraci\u00f3n de justicia que evite violentar los derechos de\nlas mujeres\u201d, se\u00f1alaron.<\/p>\n\n\n\n<p>Indicaron que han denunciado en varios momentos que las mujeres ya\nest\u00e1n hartas de que siempre atropellen sus derechos y que en las comunidades ellas\nno tengan el mismo valor frente a los hombres.<\/p>\n\n\n\n<p>Entre otros, firman el comunicado la Coordinadora Nacional de Mujeres\nInd\u00edgenas, la Red Nacional de Abogadas Ind\u00edgenas (RAI), el Comit\u00e9 de Am\u00e9rica\nLatina y el Caribe para la Defensa de los Derechos de las Mujeres (CLADEM),\nColdiba A.C. \u201cMujeres tejiendo realidades\u201d, Organizaci\u00f3n Naci\u00f3n P\u2019urh\u00e9pecha\nZapatista,<\/p>\n\n\n\n<p>Tambi\u00e8n EQUIS &#8211; Justicia para las mujeres, Alianza Democr\u00e1tica para el\nDesarrollo y la Autogesti\u00f3n, Kegua Rerichejui A.C., Luna del Sur A.C.,\nDiplomado Internacional de Estudios de las Mujeres, Feminismos y\nDescolonizaci\u00f3n, Coordinadora de Grupos Culturales Ind\u00edgenas y Populares de\nMorelos, U muuk\u2019 ko\u2019olel Mar\u00eda Uicab, Colectivo Yehcoa Um, Asesor\u00eda Integral y\nLitigios Estrat\u00e9gicos a Pueblos Originarios A.C. <\/p>\n\n\n\n<p>ASER-LITIGIO, Centro de Derechos Humanos Bartolom\u00e9 Carrasco Brise\u00f1o &#8211;\nBARCADH, Centro de Derechos Indigenas Flor y Canto A.C., Comit\u00e9 de Defensa\nIntegral de Derechos Humanos Gobixha A.C. &#8211; C\u00f3digoDH, Mujeres de Colores S.C.,\nRed de Mujeres Mixes, Trabajo, Acci\u00f3n y Desarrollo A.C., Centro Integral\nJur\u00eddico Pro-Derechos A.C., RAI Michoac\u00e1n, Tequio Jur\u00eddico A.C.<\/p>\n","protected":false},"excerpt":{"rendered":"<p>Ismael Garc\u00eda M. Oaxaca de Ju\u00e1rez, Oax., 1 de agosto de 2019.- Organismos de la&hellip;<\/p>\n","protected":false},"author":2,"featured_media":2723,"comment_status":"closed","ping_status":"open","sticky":false,"template":"","format":"standard","meta":{"_lmt_disableupdate":"","_lmt_disable":"","_jetpack_memberships_contains_paid_content":false,"footnotes":""},"categories":[47],"tags":[451],"class_list":["post-2722","post","type-post","status-publish","format-standard","has-post-thumbnail","hentry","category-zona-gris","tag-retienen-a-siete-mujeres-en-alotepec-mixe"],"jetpack_featured_media_url":"https:\/\/zonaroja.com.mx\/wp-content\/uploads\/2019\/08\/IMG_5083.jpg","jetpack_sharing_enabled":true,"_links":{"self":[{"href":"https:\/\/zonaroja.com.mx\/index.php?rest_route=\/wp\/v2\/posts\/2722","targetHints":{"allow":["GET"]}}],"collection":[{"href":"https:\/\/zonaroja.com.mx\/index.php?rest_route=\/wp\/v2\/posts"}],"about":[{"href":"https:\/\/zonaroja.com.mx\/index.php?rest_route=\/wp\/v2\/types\/post"}],"author":[{"embeddable":true,"href":"https:\/\/zonaroja.com.mx\/index.php?rest_route=\/wp\/v2\/users\/2"}],"replies":[{"embeddable":true,"href":"https:\/\/zonaroja.com.mx\/index.php?rest_route=%2Fwp%2Fv2%2Fcomments&post=2722"}],"version-history":[{"count":1,"href":"https:\/\/zonaroja.com.mx\/index.php?rest_route=\/wp\/v2\/posts\/2722\/revisions"}],"predecessor-version":[{"id":2724,"href":"https:\/\/zonaroja.com.mx\/index.php?rest_route=\/wp\/v2\/posts\/2722\/revisions\/2724"}],"wp:featuredmedia":[{"embeddable":true,"href":"https:\/\/zonaroja.com.mx\/index.php?rest_route=\/wp\/v2\/media\/2723"}],"wp:attachment":[{"href":"https:\/\/zonaroja.com.mx\/index.php?rest_route=%2Fwp%2Fv2%2Fmedia&parent=2722"}],"wp:term":[{"taxonomy":"category","embeddable":true,"href":"https:\/\/zonaroja.com.mx\/index.php?rest_route=%2Fwp%2Fv2%2Fcategories&post=2722"},{"taxonomy":"post_tag","embeddable":true,"href":"https:\/\/zonaroja.com.mx\/index.php?rest_route=%2Fwp%2Fv2%2Ftags&post=2722"}],"curies":[{"name":"wp","href":"https:\/\/api.w.org\/{rel}","templated":true}]}}