{"id":27229,"date":"2021-05-14T15:41:39","date_gmt":"2021-05-14T20:41:39","guid":{"rendered":"http:\/\/www.zonaroja.com.mx\/?p=27229"},"modified":"2021-05-14T15:41:43","modified_gmt":"2021-05-14T20:41:43","slug":"asegura-fiscalia-de-oaxaca-que-sigue-busqueda-de-claudia-uruchurtu","status":"publish","type":"post","link":"https:\/\/zonaroja.com.mx\/?p=27229","title":{"rendered":"Asegura Fiscal\u00eda de Oaxaca que sigue b\u00fasqueda de Claudia Uruchurtu"},"content":{"rendered":"\n<p>Redacci\u00f3n\/Zona Roja.<\/p>\n\n\n\n<p>Oaxaca de Ju\u00e1rez, Oax., 14 de mayo de 2021.- A fin de dar continuidad a las labores de b\u00fasqueda y localizaci\u00f3n de la ciudadana Claudia Uruchurtu Cruz, desaparecida en marzo de 2021 en Asunci\u00f3n Nochixtl\u00e1n, la Fiscal\u00eda General del Estado de Oaxaca (FGEO) coordin\u00f3 y ejecut\u00f3 una nueva etapa de operativos coordinados en diferentes zonas de Asunci\u00f3n Nochixtl\u00e1n y San Francisco Telixtlahuaca.<\/p>\n\n\n\n<p>En un comunicado, expuso que esta acci\u00f3n fue realizada a trav\u00e9s de su Unidad Especializada de Desaparici\u00f3n Forzada y cont\u00f3 con la colaboraci\u00f3n de la Comisi\u00f3n Nacional de B\u00fasqueda, as\u00ed como de elementos de la Agencia Estatal de Investigaciones, Guardia Nacional y Secretar\u00eda de la Defensa Nacional, a partir de las carpetas de investigaci\u00f3n 10367\/FMIX\/NOCHIXTL\u00c1N\/2021 y 10368\/FEDH\/FDPE\/2021.<\/p>\n\n\n\n<p>Indic\u00f3 que esta etapa de b\u00fasqueda y exploraci\u00f3n se realiz\u00f3 los d\u00edas 11, 12, 13 y 14 de mayo de 2021, y contempl\u00f3 recorridos por diferentes caminos y parajes de diferentes poblaciones.<\/p>\n\n\n\n<figure class=\"wp-block-embed-twitter wp-block-embed is-type-rich is-provider-twitter\"><div class=\"wp-block-embed__wrapper\">\n<div class=\"twitter-tweet\"><blockquote class=\"twitter-tweet\" data-lang=\"es\"><p lang=\"es\" dir=\"ltr\">Damos continuidad a plan de b\u00fasqueda de Claudia Uruchurtu Cruz, en colaboraci\u00f3n con la Comisi\u00f3n Nacional de B\u00fasqueda: <a href=\"https:\/\/twitter.com\/FISCALIA_GobOax?ref_src=twsrc%5Etfw\">@FISCALIA_GobOax<\/a> <a href=\"https:\/\/twitter.com\/PeimbertArturo?ref_src=twsrc%5Etfw\">@PeimbertArturo<\/a> <a href=\"https:\/\/twitter.com\/Busqueda_MX?ref_src=twsrc%5Etfw\">@Busqueda_MX<\/a> <a href=\"https:\/\/twitter.com\/brigadabuscando?ref_src=twsrc%5Etfw\">@brigadabuscando<\/a> <a href=\"https:\/\/twitter.com\/movNDmx?ref_src=twsrc%5Etfw\">@movNDmx<\/a> <a href=\"https:\/\/twitter.com\/ONUDHmexico?ref_src=twsrc%5Etfw\">@ONUDHmexico<\/a> <a href=\"https:\/\/twitter.com\/AIMexico?ref_src=twsrc%5Etfw\">@AIMexico<\/a> <a href=\"https:\/\/t.co\/GuNW7zOQ3m\">pic.twitter.com\/GuNW7zOQ3m<\/a><\/p>&mdash; Fiscal\u00eda General (@FISCALIA_GobOax) <a href=\"https:\/\/twitter.com\/FISCALIA_GobOax\/status\/1393284444962934784?ref_src=twsrc%5Etfw\">14 de mayo de 2021<\/a><\/blockquote><\/div>\n<\/div><\/figure>\n\n\n\n<p>El 11 de mayo se efectu\u00f3 un recorrido de b\u00fasqueda en San Francisco Telixtlahuaca; posteriormente, el 12 de mayo se inspeccion\u00f3 el pante\u00f3n de Linda Vista Herradura, as\u00ed como los caminos que conducen a San Jer\u00f3nimo Sosola y Magdalena Jaltepec.<\/p>\n\n\n\n<p>El 13 de mayo se incorpor\u00f3 personal de la Comisi\u00f3n Nacional de B\u00fasqueda, realizando recorridos a pie por diferentes parajes y laderas de Asunci\u00f3n Nochixtl\u00e1n.<\/p>\n\n\n\n<p>Finalmente, este viernes 14 de mayo se realiz\u00f3 una b\u00fasqueda en diferentes caminos y puentes como los de Barranca Cruz de Piedra y Puente Arroyo Carbonera, concluyendo en inmediaciones de la presa de San Pablo Huitzo.<\/p>\n\n\n\n<p>\u201cLa Fiscal\u00eda General redobla esfuerzos en la b\u00fasqueda y localizaci\u00f3n de personas desaparecidas en la entidad, realizando un trabajo interinstitucional, priorizando las necesidades particulares de las v\u00edctimas directas e indirectas\u201d, detall\u00f3.<\/p>\n","protected":false},"excerpt":{"rendered":"<p>Redacci\u00f3n\/Zona Roja. Oaxaca de Ju\u00e1rez, Oax., 14 de mayo de 2021.- A fin de dar&hellip;<\/p>\n","protected":false},"author":2,"featured_media":27230,"comment_status":"closed","ping_status":"open","sticky":false,"template":"","format":"standard","meta":{"_lmt_disableupdate":"","_lmt_disable":"","_jetpack_memberships_contains_paid_content":false,"footnotes":""},"categories":[109,47],"tags":[494],"class_list":["post-27229","post","type-post","status-publish","format-standard","has-post-thumbnail","hentry","category-minuto-a-minuto","category-zona-gris","tag-fiscalia-general-del-estado-de-oaxaca"],"jetpack_featured_media_url":"https:\/\/zonaroja.com.mx\/wp-content\/uploads\/2021\/05\/Busqueda-Claudia-Fiscalia-Nochixtlan.jpg","jetpack_sharing_enabled":true,"_links":{"self":[{"href":"https:\/\/zonaroja.com.mx\/index.php?rest_route=\/wp\/v2\/posts\/27229","targetHints":{"allow":["GET"]}}],"collection":[{"href":"https:\/\/zonaroja.com.mx\/index.php?rest_route=\/wp\/v2\/posts"}],"about":[{"href":"https:\/\/zonaroja.com.mx\/index.php?rest_route=\/wp\/v2\/types\/post"}],"author":[{"embeddable":true,"href":"https:\/\/zonaroja.com.mx\/index.php?rest_route=\/wp\/v2\/users\/2"}],"replies":[{"embeddable":true,"href":"https:\/\/zonaroja.com.mx\/index.php?rest_route=%2Fwp%2Fv2%2Fcomments&post=27229"}],"version-history":[{"count":1,"href":"https:\/\/zonaroja.com.mx\/index.php?rest_route=\/wp\/v2\/posts\/27229\/revisions"}],"predecessor-version":[{"id":27231,"href":"https:\/\/zonaroja.com.mx\/index.php?rest_route=\/wp\/v2\/posts\/27229\/revisions\/27231"}],"wp:featuredmedia":[{"embeddable":true,"href":"https:\/\/zonaroja.com.mx\/index.php?rest_route=\/wp\/v2\/media\/27230"}],"wp:attachment":[{"href":"https:\/\/zonaroja.com.mx\/index.php?rest_route=%2Fwp%2Fv2%2Fmedia&parent=27229"}],"wp:term":[{"taxonomy":"category","embeddable":true,"href":"https:\/\/zonaroja.com.mx\/index.php?rest_route=%2Fwp%2Fv2%2Fcategories&post=27229"},{"taxonomy":"post_tag","embeddable":true,"href":"https:\/\/zonaroja.com.mx\/index.php?rest_route=%2Fwp%2Fv2%2Ftags&post=27229"}],"curies":[{"name":"wp","href":"https:\/\/api.w.org\/{rel}","templated":true}]}}