{"id":27239,"date":"2021-05-14T16:26:40","date_gmt":"2021-05-14T21:26:40","guid":{"rendered":"http:\/\/www.zonaroja.com.mx\/?p=27239"},"modified":"2021-05-14T16:26:44","modified_gmt":"2021-05-14T21:26:44","slug":"adriana-risueno-por-un-cambio-real-en-santa-cruz-amilpas-fue-victima-de-violencia","status":"publish","type":"post","link":"https:\/\/zonaroja.com.mx\/?p=27239","title":{"rendered":"Adriana Risue\u00f1o, por un cambio real en Santa Cruz Amilpas; fue v\u00edctima de violencia"},"content":{"rendered":"\n<p>Evlin Arag\u00f3n\/Zona Roja.<\/p>\n\n\n\n<p>Oaxaca de Ju\u00e1rez, Oax., 14 de mayo de 2021.- \u201cHay una necesidad imperante de cambio verdadero en nuestra comunidad. Quiero apoyar a nuestra gente, es por eso que decid\u00ed participar en la contienda electoral\u201d.&nbsp;<\/p>\n\n\n\n<p>Son las palabras de la candidata a la presidencia municipal de Santa Cruz Amilpas, Adriana Risue\u00f1o Mat\u00edas, por el Partido Unidad Popular, quien en su caminar por la pol\u00edtica oaxaque\u00f1a se ha enfrentado a la violencia en raz\u00f3n de g\u00e9nero, donde sin importar que cuente con la capacidad de ejercer un cargo p\u00fablico, ha sido discriminada.&nbsp;<\/p>\n\n\n\n<p>Y es que cuando fue regidora de Ecolog\u00eda, fue violentada por parte de sus compa\u00f1eros de Cabildo, raz\u00f3n por la que tuvo incluso que llegar a los tribunales electorales para pedir que parara la violencia en su contra, la cual rechaza y busca erradicar.&nbsp;<\/p>\n\n\n\n<p>\u201cNo puede existir en ning\u00fan \u00e1mbito la violencia, y menos la de car\u00e1cter pol\u00edtico hacia las mujeres, porque tambi\u00e9n nosotras tenemos la capacidad para estar al frente de cualquier espacio, tenemos el derecho de ser servidora p\u00fablica con todas las libertades\u201d, refiri\u00f3.&nbsp;<\/p>\n\n\n\n<p>Aunque la violencia de la que ha sido v\u00edctima la mantiene en una situaci\u00f3n de alerta y miedo constante, tambi\u00e9n tiene claro que quedarse callada y sin hacer nada no contribuir\u00e1 al cambio que se necesita para erradicar los actos violentos en contra de todas las mujeres.\u00a0<\/p>\n\n\n\n<figure class=\"wp-block-embed-twitter wp-block-embed is-type-rich is-provider-twitter\"><div class=\"wp-block-embed__wrapper\">\n<div class=\"twitter-tweet\"><blockquote class=\"twitter-tweet\" data-lang=\"es\"><p lang=\"es\" dir=\"ltr\"><a href=\"https:\/\/twitter.com\/hashtag\/ENVIVO?src=hash&amp;ref_src=twsrc%5Etfw\">#ENVIVO<\/a><br>Santa Cruz Amilpas, Oax., 14 de mayo de 2021.- Conferencia de prensa de Adriana Risue\u00f1o Mat\u00edas, candidata del Partido Unidad Popular a la presidencia municipal.<br><br>Siga la transmisi\u00f3n: <br>\ud83d\udc47<a href=\"https:\/\/t.co\/zYDfaNYU86\">https:\/\/t.co\/zYDfaNYU86<\/a> <a href=\"https:\/\/t.co\/fX7RWGUTaY\">pic.twitter.com\/fX7RWGUTaY<\/a><\/p>&mdash; Zona Roja Oaxaca (@Zona_Roja_Oax) <a href=\"https:\/\/twitter.com\/Zona_Roja_Oax\/status\/1393208207108083719?ref_src=twsrc%5Etfw\">14 de mayo de 2021<\/a><\/blockquote><\/div>\n<\/div><\/figure>\n\n\n\n<p>De manera particular, busca mejorar la vida de las mujeres y de toda la poblaci\u00f3n de Santa Cruz Amilpas, por ello pide a la poblaci\u00f3n revisar las candidaturas y quienes las representan, as\u00ed como sus propuestas, con la finalidad de emitir un voto que en verdad beneficie a la comunidad.&nbsp;<\/p>\n\n\n\n<p>\u201cTenemos que cambiar la forma en que se est\u00e1n tomando las decisiones en nuestra comunidad, creo que es momento que hagamos un cambio, que la decisi\u00f3n la tenga el pueblo, que se tome en cuenta a la toda la gente. Que no sea una minor\u00eda la que decida el rumbo del municipio\u201d, refiere.&nbsp;<\/p>\n\n\n\n<p>Adriana Risue\u00f1o asegur\u00f3 que su propuesta es incluyente, tomando en cuenta a toda la poblaci\u00f3n, pero poniendo \u00e9nfasis en la erradicaci\u00f3n de la violencia contra las mujeres que se ha convertido en un lastre de la sociedad actual.&nbsp;<\/p>\n\n\n\n<p>En materia de obras. refiri\u00f3 la necesidad de priorizar y licitar, cosa que no se ha realizado en el municipio desde hace muchos a\u00f1os, lo anterior para evitar que se realicen acciones que no son del todo necesarias y con recursos muy elevados en perjuicio de las arcas municipales.&nbsp;<\/p>\n\n\n\n<p>As\u00ed mismo, la hoy candidata del PUP pretende retomar el consenso en la realizaci\u00f3n de obras y la cercan\u00eda con la poblaci\u00f3n, aspectos que han sido olvidados por la clase pol\u00edtica en los \u00faltimos a\u00f1os, que se ha dedicado a representar intereses particulares o de unos cuantos.&nbsp; \u201cYo decid\u00ed encabezar un proyecto que promueva un cambio real. Les pedimos la oportunidad de trabajar y demostrar que las mujeres tenemos la capacidad de gobernar. Vamos a representar intereses de todo el municipio y demostrar que las cosas pueden ser diferentes\u201d, sentenci\u00f3, acompa\u00f1ada de integrantes de su planilla.<\/p>\n","protected":false},"excerpt":{"rendered":"<p>Evlin Arag\u00f3n\/Zona Roja. Oaxaca de Ju\u00e1rez, Oax., 14 de mayo de 2021.- \u201cHay una necesidad&hellip;<\/p>\n","protected":false},"author":2,"featured_media":27233,"comment_status":"closed","ping_status":"open","sticky":false,"template":"","format":"standard","meta":{"_lmt_disableupdate":"","_lmt_disable":"","_jetpack_memberships_contains_paid_content":false,"footnotes":""},"categories":[109,46],"tags":[2372,2046],"class_list":["post-27239","post","type-post","status-publish","format-standard","has-post-thumbnail","hentry","category-minuto-a-minuto","category-zona-blanca","tag-adriana-risueno-matias","tag-santa-cruz-amilpas"],"jetpack_featured_media_url":"https:\/\/zonaroja.com.mx\/wp-content\/uploads\/2021\/05\/Adriana-Risueno-Santa-Cruz-Amilpas.jpg","jetpack_sharing_enabled":true,"_links":{"self":[{"href":"https:\/\/zonaroja.com.mx\/index.php?rest_route=\/wp\/v2\/posts\/27239","targetHints":{"allow":["GET"]}}],"collection":[{"href":"https:\/\/zonaroja.com.mx\/index.php?rest_route=\/wp\/v2\/posts"}],"about":[{"href":"https:\/\/zonaroja.com.mx\/index.php?rest_route=\/wp\/v2\/types\/post"}],"author":[{"embeddable":true,"href":"https:\/\/zonaroja.com.mx\/index.php?rest_route=\/wp\/v2\/users\/2"}],"replies":[{"embeddable":true,"href":"https:\/\/zonaroja.com.mx\/index.php?rest_route=%2Fwp%2Fv2%2Fcomments&post=27239"}],"version-history":[{"count":1,"href":"https:\/\/zonaroja.com.mx\/index.php?rest_route=\/wp\/v2\/posts\/27239\/revisions"}],"predecessor-version":[{"id":27240,"href":"https:\/\/zonaroja.com.mx\/index.php?rest_route=\/wp\/v2\/posts\/27239\/revisions\/27240"}],"wp:featuredmedia":[{"embeddable":true,"href":"https:\/\/zonaroja.com.mx\/index.php?rest_route=\/wp\/v2\/media\/27233"}],"wp:attachment":[{"href":"https:\/\/zonaroja.com.mx\/index.php?rest_route=%2Fwp%2Fv2%2Fmedia&parent=27239"}],"wp:term":[{"taxonomy":"category","embeddable":true,"href":"https:\/\/zonaroja.com.mx\/index.php?rest_route=%2Fwp%2Fv2%2Fcategories&post=27239"},{"taxonomy":"post_tag","embeddable":true,"href":"https:\/\/zonaroja.com.mx\/index.php?rest_route=%2Fwp%2Fv2%2Ftags&post=27239"}],"curies":[{"name":"wp","href":"https:\/\/api.w.org\/{rel}","templated":true}]}}