{"id":27241,"date":"2021-05-14T16:32:00","date_gmt":"2021-05-14T21:32:00","guid":{"rendered":"http:\/\/www.zonaroja.com.mx\/?p=27241"},"modified":"2021-05-14T16:32:05","modified_gmt":"2021-05-14T21:32:05","slug":"va-nallely-ortiz-por-la-defensa-y-desarrollo-de-las-mujeres-en-santa-lucia","status":"publish","type":"post","link":"https:\/\/zonaroja.com.mx\/?p=27241","title":{"rendered":"Va Nallely Ortiz por la defensa y desarrollo de las mujeres en Santa Luc\u00eda"},"content":{"rendered":"\n<p>Evlin Arag\u00f3n\/Zona Roja.<\/p>\n\n\n\n<p>Santa Luc\u00eda del Camino, Oax., 14 de mayo de 2021.- Aunque se dijo respetuosa de las resoluciones de las instituciones, Nallely Ortiz asegur\u00f3 que ninguna sentencia emitida por el Tribunal Estatal Electoral de Oaxaca puede estar por encima de lo decretado por la Sala Superior del Tribunal Electoral del Poder Judicial de la Federaci\u00f3n (TEPJF), que previamente acredit\u00f3 la violencia pol\u00edtica en raz\u00f3n de g\u00e9nero cometida por Dante Monta\u00f1o Montero.<\/p>\n\n\n\n<p>Lo anterior en conferencia de prensa, donde fue cuestionada sobre la m\u00e1s reciente decisi\u00f3n del TEEO que revoc\u00f3 el acuerdo del Consejo General del IEEPCO, donde se determin\u00f3 la no procedencia de la candidatura de Monta\u00f1o Montero por contar con antecedentes de violencia pol\u00edtica por raz\u00f3n de g\u00e9nero.&nbsp;<\/p>\n\n\n\n<p>\u201cEstoy tranquila, s\u00e9 que una sentencia firme no puede ser revocada as\u00ed nada m\u00e1s y mucho menos por un tribunal local\u201d, refiri\u00f3 la regidora con licencia y hoy candidata a la presidencia municipal de Santa Lucia del Camino por el Partido Nueva Alianza.&nbsp;<\/p>\n\n\n\n<p>Explic\u00f3 que, desde diciembre pasado, emiti\u00f3 la documentaci\u00f3n pertinente para que se haga valer la revocaci\u00f3n de mandato de Dante Monta\u00f1o, misma que tendr\u00e1 que ser resuelta conforme a la ley, ello en respuesta a un mandato judicial de alto nivel como son las resoluciones del TEPJF.<\/p>\n\n\n\n<p>As\u00ed mismo, record\u00f3 que, en varias ocasiones, el TEEO ha sido llamado a juzgar con perspectiva de g\u00e9nero, debido a su actuar en otros juicios, situaci\u00f3n que han ignorado dando como resultado varios reveses por la Sala Xalapa y Sala Superior del Tribunal Electoral Federal.&nbsp;<\/p>\n\n\n\n<p>Nallely Ortiz manifest\u00f3 que violencia en su contra fue sistem\u00e1tica e incluy\u00f3 dejarla sin personal, no darle mobiliario, negarle el llamado para acudir a las sesiones de Cabildo, ignorar su voz y participaci\u00f3n activa en las actas, amenazas y campa\u00f1a de difamaci\u00f3n en su contra, as\u00ed como la falta de pago de dietas.&nbsp;<\/p>\n\n\n\n<p>De ah\u00ed que recurri\u00f3 a las instancias correspondientes para pedir respeto a sus derechos pol\u00edtico electorales y convirtiendo su caso en un referente nacional, de ah\u00ed que conf\u00eda en que la resoluci\u00f3n a su favor y en contra de quien ejercicio violencia en su contra siga firme, adem\u00e1s que advirti\u00f3 la existencia de otro juicio en curso.\u00a0<\/p>\n\n\n\n<figure class=\"wp-block-embed-twitter wp-block-embed is-type-rich is-provider-twitter\"><div class=\"wp-block-embed__wrapper\">\n<div class=\"twitter-tweet\"><blockquote class=\"twitter-tweet\" data-lang=\"es\"><p lang=\"es\" dir=\"ltr\"><a href=\"https:\/\/twitter.com\/hashtag\/ENVIVO?src=hash&amp;ref_src=twsrc%5Etfw\">#ENVIVO<\/a><br>Santa Luc\u00eda del Camino, Oax., 14 de mayo de 2021.- Conferencia de prensa de la candidata a presidenta municipal, <a href=\"https:\/\/twitter.com\/NallelyOrtizj?ref_src=twsrc%5Etfw\">@NallelyOrtizj<\/a>, por el Partido Nueva Alianza. <br>Siga la transmisi\u00f3n: <br>\ud83d\udc47<a href=\"https:\/\/t.co\/KDBtjawIB1\">https:\/\/t.co\/KDBtjawIB1<\/a> <a href=\"https:\/\/t.co\/z1fiHa4FID\">pic.twitter.com\/z1fiHa4FID<\/a><\/p>&mdash; Zona Roja Oaxaca (@Zona_Roja_Oax) <a href=\"https:\/\/twitter.com\/Zona_Roja_Oax\/status\/1393217458782212098?ref_src=twsrc%5Etfw\">14 de mayo de 2021<\/a><\/blockquote><\/div>\n<\/div><\/figure>\n\n\n\n<p>\u201cLa violencia pol\u00edtica es un delito no un acto administrativo. Han simulado el cumplimiento de una sentencia, ante ello Sala Xalapa orden\u00f3 un nuevo juicio de derechos ciudadanos, con nuevos hechos. A m\u00ed no me preocupa si en alg\u00fan momento, por alguna extra\u00f1a raz\u00f3n, la decisi\u00f3n de las autoridades locales beneficia al todav\u00eda edil, viene el otro juicio en su contra. Yo se los dije Dante Monta\u00f1o no podr\u00e1 ser presidente\u201d, sentenci\u00f3.&nbsp;&nbsp;<\/p>\n\n\n\n<p>La resoluci\u00f3n emitida este jueves 13 de mayo por el TEEO ordena al instituto local electoral pronunciarse nuevamente respecto de la candidatura de Dante Monta\u00f1o Montero, precandidato a la presidencia municipal de Santa Luc\u00eda del Camino, postulado por el Partido del Trabajo y el Verde Ecologista de M\u00e9xico.&nbsp;<\/p>\n\n\n\n<p>Los magistrados Heriberto Jim\u00e9nez V\u00e1squez y Raymundo Wilfrido L\u00f3pez V\u00e1squez, con el voto en contra de la magistrada Elizabeth Bautista Velasco, determinaron que Monta\u00f1o Montero si tiene la presunci\u00f3n de contar con un modo honesto de vivir y que se le aplic\u00f3 de manera retroactiva la reforma al art\u00edculo 21 de la Ley de Instituciones y Procedimientos Electorales.&nbsp;&nbsp;<\/p>\n\n\n\n<p>Finalmente, como v\u00edctima directa de la violencia y en su calidad de candidata a la presidencia municipal de Santa Lucia del Camino por el Panal, Nallely Ortiz, se comprometi\u00f3 a aplicar las acciones planteadas en la Declaratoria de Alerta de Violencia de G\u00e9nero, con la intenci\u00f3n de contribuir en la disminuci\u00f3n de la problem\u00e1tica que lacera diariamente a las mujeres.<\/p>\n\n\n\n<p>Detall\u00f3 que el municipio merece que la violencia de g\u00e9nero, en todas sus expresiones, sea atendida de manera responsable e integral, garantizando la seguridad de las mujeres y ponderando la prevenci\u00f3n de los delitos.&nbsp;&nbsp;<\/p>\n","protected":false},"excerpt":{"rendered":"<p>Evlin Arag\u00f3n\/Zona Roja. Santa Luc\u00eda del Camino, Oax., 14 de mayo de 2021.- Aunque se&hellip;<\/p>\n","protected":false},"author":2,"featured_media":27236,"comment_status":"closed","ping_status":"open","sticky":false,"template":"","format":"standard","meta":{"_lmt_disableupdate":"","_lmt_disable":"","_jetpack_memberships_contains_paid_content":false,"footnotes":""},"categories":[109,46],"tags":[2656,337],"class_list":["post-27241","post","type-post","status-publish","format-standard","has-post-thumbnail","hentry","category-minuto-a-minuto","category-zona-blanca","tag-nalley-ortiz-jimenez","tag-santa-lucia-del-camino"],"jetpack_featured_media_url":"https:\/\/zonaroja.com.mx\/wp-content\/uploads\/2021\/05\/Nallely-Ortiz-conferencia.jpg","jetpack_sharing_enabled":true,"_links":{"self":[{"href":"https:\/\/zonaroja.com.mx\/index.php?rest_route=\/wp\/v2\/posts\/27241","targetHints":{"allow":["GET"]}}],"collection":[{"href":"https:\/\/zonaroja.com.mx\/index.php?rest_route=\/wp\/v2\/posts"}],"about":[{"href":"https:\/\/zonaroja.com.mx\/index.php?rest_route=\/wp\/v2\/types\/post"}],"author":[{"embeddable":true,"href":"https:\/\/zonaroja.com.mx\/index.php?rest_route=\/wp\/v2\/users\/2"}],"replies":[{"embeddable":true,"href":"https:\/\/zonaroja.com.mx\/index.php?rest_route=%2Fwp%2Fv2%2Fcomments&post=27241"}],"version-history":[{"count":1,"href":"https:\/\/zonaroja.com.mx\/index.php?rest_route=\/wp\/v2\/posts\/27241\/revisions"}],"predecessor-version":[{"id":27242,"href":"https:\/\/zonaroja.com.mx\/index.php?rest_route=\/wp\/v2\/posts\/27241\/revisions\/27242"}],"wp:featuredmedia":[{"embeddable":true,"href":"https:\/\/zonaroja.com.mx\/index.php?rest_route=\/wp\/v2\/media\/27236"}],"wp:attachment":[{"href":"https:\/\/zonaroja.com.mx\/index.php?rest_route=%2Fwp%2Fv2%2Fmedia&parent=27241"}],"wp:term":[{"taxonomy":"category","embeddable":true,"href":"https:\/\/zonaroja.com.mx\/index.php?rest_route=%2Fwp%2Fv2%2Fcategories&post=27241"},{"taxonomy":"post_tag","embeddable":true,"href":"https:\/\/zonaroja.com.mx\/index.php?rest_route=%2Fwp%2Fv2%2Ftags&post=27241"}],"curies":[{"name":"wp","href":"https:\/\/api.w.org\/{rel}","templated":true}]}}