{"id":27256,"date":"2021-05-15T06:35:42","date_gmt":"2021-05-15T11:35:42","guid":{"rendered":"http:\/\/www.zonaroja.com.mx\/?p=27256"},"modified":"2021-05-15T06:35:45","modified_gmt":"2021-05-15T11:35:45","slug":"detiene-la-fiscalia-a-dos-presuntos-agresores-de-reportero-en-oaxaca","status":"publish","type":"post","link":"https:\/\/zonaroja.com.mx\/?p=27256","title":{"rendered":"Detiene la Fiscal\u00eda a dos presuntos agresores de reportero en Oaxaca"},"content":{"rendered":"\n<p>Redacci\u00f3n\/Zona Roja.<\/p>\n\n\n\n<p>Oaxaca de Ju\u00e1rez, Oax., 15 de mayo de 2021.- La Fiscal\u00eda General del Estado de Oaxaca (FGEO) logr\u00f3 aprehender ayer y presentar ante Juez a J. G. L. o J. G. H., alias \u201cEl Pareja\u201d o \u201cEl Padrino\u201d y a J. J. C. P., alias \u201cEl Winnie\u201d o \u201cEl Pepe\u201d, probables responsables de los delitos contra la libertad de expresi\u00f3n, lesiones, da\u00f1os dolosos con agravante de pandilla y robo con violencia a las personas, en agravio del reportero F. J. P. S. (Javier Santiago), cometido en febrero de 2021 en la ciudad de Oaxaca.<\/p>\n\n\n\n<p>Los probables responsables fueron detenidos este viernes 14 de mayo de 2021 por Agentes Estatales de Investigaci\u00f3n y presentados de forma inmediata ante la autoridad judicial que los requiri\u00f3, dando cumplimiento a la orden de aprehensi\u00f3n asentada en la causa penal 211\/2021.<\/p>\n\n\n\n<p>Los hechos se suscitaron el 21 de febrero de 2021, aproximadamente a las 21:30 horas, cuando los imputados y otros sujetos agredieron f\u00edsicamente a la v\u00edctima, adem\u00e1s de robarle un tel\u00e9fono celular y da\u00f1ar su motoneta, en inmediaciones de la colonia del Periodista en Oaxaca de Ju\u00e1rez.<\/p>\n\n\n\n<p>Luego de la denuncia presentada por la v\u00edctima, la Instituci\u00f3n de procuraci\u00f3n de justicia atrajo la investigaci\u00f3n -a trav\u00e9s de la Fiscal\u00eda Especializada en Investigaciones de Delitos de Trascendencia Social-, realizando las diligencias correspondientes a fin de esclarecer este hecho violento, logrando la aprehensi\u00f3n de dos de los probables responsables, quienes fueron presentados ante el Juez de la causa.<\/p>\n\n\n\n<p>En audiencia, los imputados se acogieron al t\u00e9rmino constitucional ampliado, mismo que fenece el pr\u00f3ximo 20 de mayo de 2021, quedando en tanto en prisi\u00f3n preventiva de manera provisional.<\/p>\n\n\n\n<p>\u201cCon estas acciones, la Fiscal\u00eda General reitera en los hechos su compromiso para que delitos como \u00e9stos no queden impunes y se act\u00fae con justicia en favor de quienes ejercen el libre derecho a la actividad period\u00edstica\u201d, inform\u00f3 a trav\u00e9s de un comunicado.<\/p>\n","protected":false},"excerpt":{"rendered":"<p>Redacci\u00f3n\/Zona Roja. Oaxaca de Ju\u00e1rez, Oax., 15 de mayo de 2021.- La Fiscal\u00eda General del&hellip;<\/p>\n","protected":false},"author":2,"featured_media":23909,"comment_status":"closed","ping_status":"open","sticky":false,"template":"","format":"standard","meta":{"_lmt_disableupdate":"","_lmt_disable":"","_jetpack_memberships_contains_paid_content":false,"footnotes":""},"categories":[109,46],"tags":[494,1708],"class_list":["post-27256","post","type-post","status-publish","format-standard","has-post-thumbnail","hentry","category-minuto-a-minuto","category-zona-blanca","tag-fiscalia-general-del-estado-de-oaxaca","tag-javier-santiago"],"jetpack_featured_media_url":"https:\/\/zonaroja.com.mx\/wp-content\/uploads\/2021\/02\/Javier-Santiago-Trucha-2.jpg","jetpack_sharing_enabled":true,"_links":{"self":[{"href":"https:\/\/zonaroja.com.mx\/index.php?rest_route=\/wp\/v2\/posts\/27256","targetHints":{"allow":["GET"]}}],"collection":[{"href":"https:\/\/zonaroja.com.mx\/index.php?rest_route=\/wp\/v2\/posts"}],"about":[{"href":"https:\/\/zonaroja.com.mx\/index.php?rest_route=\/wp\/v2\/types\/post"}],"author":[{"embeddable":true,"href":"https:\/\/zonaroja.com.mx\/index.php?rest_route=\/wp\/v2\/users\/2"}],"replies":[{"embeddable":true,"href":"https:\/\/zonaroja.com.mx\/index.php?rest_route=%2Fwp%2Fv2%2Fcomments&post=27256"}],"version-history":[{"count":1,"href":"https:\/\/zonaroja.com.mx\/index.php?rest_route=\/wp\/v2\/posts\/27256\/revisions"}],"predecessor-version":[{"id":27257,"href":"https:\/\/zonaroja.com.mx\/index.php?rest_route=\/wp\/v2\/posts\/27256\/revisions\/27257"}],"wp:featuredmedia":[{"embeddable":true,"href":"https:\/\/zonaroja.com.mx\/index.php?rest_route=\/wp\/v2\/media\/23909"}],"wp:attachment":[{"href":"https:\/\/zonaroja.com.mx\/index.php?rest_route=%2Fwp%2Fv2%2Fmedia&parent=27256"}],"wp:term":[{"taxonomy":"category","embeddable":true,"href":"https:\/\/zonaroja.com.mx\/index.php?rest_route=%2Fwp%2Fv2%2Fcategories&post=27256"},{"taxonomy":"post_tag","embeddable":true,"href":"https:\/\/zonaroja.com.mx\/index.php?rest_route=%2Fwp%2Fv2%2Ftags&post=27256"}],"curies":[{"name":"wp","href":"https:\/\/api.w.org\/{rel}","templated":true}]}}