{"id":27258,"date":"2021-05-15T06:44:39","date_gmt":"2021-05-15T11:44:39","guid":{"rendered":"http:\/\/www.zonaroja.com.mx\/?p=27258"},"modified":"2021-05-15T06:44:43","modified_gmt":"2021-05-15T11:44:43","slug":"niegan-de-nuevo-registro-a-dante-montano-sentenciado-por-violencia-contra-mujeres","status":"publish","type":"post","link":"https:\/\/zonaroja.com.mx\/?p=27258","title":{"rendered":"Niegan de nuevo registro a Dante Monta\u00f1o, sentenciado por violencia contra mujeres"},"content":{"rendered":"\n<p>Redacci\u00f3n\/Zona Roja.<\/p>\n\n\n\n<p>Oaxaca de Ju\u00e1rez, Oax., 15 de mayo de 2021.- En sesi\u00f3n extraordinaria, el Consejo General del Instituto Estatal Electoral y de Participaci\u00f3n Ciudadana de Oaxaca (IEEPCO) neg\u00f3 anoche el registro a Dante Monta\u00f1o Montero como candidato a primer concejal propietario, postulado por el Partido del Trabajo en candidatura com\u00fan con el Partido Verde Ecologista de M\u00e9xico en el municipio de Santa Luc\u00eda del Camino.<\/p>\n\n\n\n<p>Lo anterior al cumplir con la sentencia emitida por el Tribunal Electoral del Estado de Oaxaca (TEEO), en el expediente JDC\/153\/2021, en la cual orden\u00f3 al IEEPCO se pronunciara nuevamente sobre la solicitud de registro de Monta\u00f1o Montero como candidato a la presidencia municipal en el citado municipio.<\/p>\n\n\n\n<p>Dicha sentencia del TEEO, estableci\u00f3 que, para el an\u00e1lisis del registro de Dante Monta\u00f1o, no se deb\u00eda tomar en cuenta la reforma de mayo del a\u00f1o pasado a la ley electoral local, relativa a la restricci\u00f3n de no estar sancionada o sancionado por violencia pol\u00edtica contra las mujeres en raz\u00f3n de g\u00e9nero y no estar sentenciada o sentenciado por los delitos de violencia pol\u00edtica contra las mujeres en raz\u00f3n de g\u00e9nero, de violencia familiar y por delitos que atenten contra la obligaci\u00f3n alimentaria.<\/p>\n\n\n\n<p>Lo anterior, debido a que los hechos por los que se tuvo a Dante Monta\u00f1o Montero cometiendo Violencia Pol\u00edtica en Raz\u00f3n de Genero suscitaron en el mes de enero del mismo a\u00f1o, por lo que la autoridad jurisdiccional consider\u00f3 que no se deb\u00eda aplicar de manera retroactiva dicha reforma.<\/p>\n\n\n\n<p>En el an\u00e1lisis de la procedencia o no del registro de la candidatura en cuesti\u00f3n, las consejeras y consejeros electorales, no tomaron en cuenta lo referido en la sentencia del TEEO.<\/p>\n\n\n\n<p>La decisi\u00f3n fue con base en lo estipulado por la Sala Regional Xalapa del Tribunal Electoral del Poder Judicial de la Federaci\u00f3n en los expedientes SX-JDC-151\/2020 Y SX-JE-39\/2020, en los que acredit\u00f3 que Dante Monta\u00f1o, como presidente municipal de Santa Luc\u00eda del Camino, ejerci\u00f3 violencia pol\u00edtica en raz\u00f3n de g\u00e9nero contra una regidora y por la que orden\u00f3 inscribirlo en el Registro de ciudadanos que tengan en su contra, sentencias que califiquen la existencia de violencia pol\u00edtica en raz\u00f3n de g\u00e9nero, y, adem\u00e1s, tomar en consideraci\u00f3n dicho registro en el Proceso Electoral Ordinario 2020-2021.<\/p>\n\n\n\n<p>Asimismo, en su momento la Sala Superior del TEPJF, al resolver el expediente SUP-REC-91\/2020 dej\u00f3 intocado lo ordenado por la Sala Regional Xalapa, por lo que en funci\u00f3n de lo anterior, as\u00ed como en lo estipulado por el IEEPCO en el art\u00edculo 6, numeral 9 de los Lineamientos en materia de paridad de g\u00e9nero, que establece que para poder ser registrada o registrado como candidata o candidato, no se deber\u00e1 estar activo o activa en el Registro de Personas Sancionadas por Violencia Pol\u00edtica contra las mujeres en Raz\u00f3n de G\u00e9nero del Instituto.<\/p>\n\n\n\n<p>En ese sentido, el Instituto neg\u00f3 el registro como candidato a primer concejal de Santa Luc\u00eda del Camino, a Dante Monta\u00f1o Montero, postulado por el Partido del Trabajo en candidatura com\u00fan con el Partido Verde Ecologista de M\u00e9xico.<\/p>\n\n\n\n<p>Durante la sesi\u00f3n del Consejo General, las consejeras y consejeros electorales se\u00f1alaron puntualmente que las decisiones tomadas por el \u00f3rgano administrativo electoral son en funci\u00f3n de la normativa electoral, as\u00ed como de los lineamientos establecidos, siempre con apego a los derechos pol\u00edticos y electorales de la ciudadan\u00eda, con perspectiva de g\u00e9nero e intercultural<\/p>\n\n\n\n<p>INCUMPLE PARTIDO POL\u00cdTICO SENTENCIA<\/p>\n\n\n\n<p>Por otra parte, el Consejo General del IEEPCO estim\u00f3 como no procedente pronunciarse sobre la nueva solicitud de registro presentada por el Partido Morena, de la candidatura a diputaci\u00f3n por el principio de mayor\u00eda relativa, en el 03 Distrito Electoral Local con cabecera en Loma Bonita.<\/p>\n\n\n\n<p>Lo anterior derivado que el partido se\u00f1alado, present\u00f3 de nueva cuenta como candidato al ciudadano Francisco Javier Ni\u00f1o Hern\u00e1ndez, incumpliendo con lo ordenado por la sentencia dictada en el expediente n\u00famero JDC\/134\/2021.<\/p>\n","protected":false},"excerpt":{"rendered":"<p>Redacci\u00f3n\/Zona Roja. Oaxaca de Ju\u00e1rez, Oax., 15 de mayo de 2021.- En sesi\u00f3n extraordinaria, el&hellip;<\/p>\n","protected":false},"author":2,"featured_media":27254,"comment_status":"closed","ping_status":"open","sticky":false,"template":"","format":"standard","meta":{"_lmt_disableupdate":"","_lmt_disable":"","_jetpack_memberships_contains_paid_content":false,"footnotes":""},"categories":[109,47],"tags":[585],"class_list":["post-27258","post","type-post","status-publish","format-standard","has-post-thumbnail","hentry","category-minuto-a-minuto","category-zona-gris","tag-dante-montano-montero"],"jetpack_featured_media_url":"https:\/\/zonaroja.com.mx\/wp-content\/uploads\/2021\/05\/Dante-Montano.jpg","jetpack_sharing_enabled":true,"_links":{"self":[{"href":"https:\/\/zonaroja.com.mx\/index.php?rest_route=\/wp\/v2\/posts\/27258","targetHints":{"allow":["GET"]}}],"collection":[{"href":"https:\/\/zonaroja.com.mx\/index.php?rest_route=\/wp\/v2\/posts"}],"about":[{"href":"https:\/\/zonaroja.com.mx\/index.php?rest_route=\/wp\/v2\/types\/post"}],"author":[{"embeddable":true,"href":"https:\/\/zonaroja.com.mx\/index.php?rest_route=\/wp\/v2\/users\/2"}],"replies":[{"embeddable":true,"href":"https:\/\/zonaroja.com.mx\/index.php?rest_route=%2Fwp%2Fv2%2Fcomments&post=27258"}],"version-history":[{"count":1,"href":"https:\/\/zonaroja.com.mx\/index.php?rest_route=\/wp\/v2\/posts\/27258\/revisions"}],"predecessor-version":[{"id":27259,"href":"https:\/\/zonaroja.com.mx\/index.php?rest_route=\/wp\/v2\/posts\/27258\/revisions\/27259"}],"wp:featuredmedia":[{"embeddable":true,"href":"https:\/\/zonaroja.com.mx\/index.php?rest_route=\/wp\/v2\/media\/27254"}],"wp:attachment":[{"href":"https:\/\/zonaroja.com.mx\/index.php?rest_route=%2Fwp%2Fv2%2Fmedia&parent=27258"}],"wp:term":[{"taxonomy":"category","embeddable":true,"href":"https:\/\/zonaroja.com.mx\/index.php?rest_route=%2Fwp%2Fv2%2Fcategories&post=27258"},{"taxonomy":"post_tag","embeddable":true,"href":"https:\/\/zonaroja.com.mx\/index.php?rest_route=%2Fwp%2Fv2%2Ftags&post=27258"}],"curies":[{"name":"wp","href":"https:\/\/api.w.org\/{rel}","templated":true}]}}