{"id":27260,"date":"2021-05-15T07:21:44","date_gmt":"2021-05-15T12:21:44","guid":{"rendered":"http:\/\/www.zonaroja.com.mx\/?p=27260"},"modified":"2021-05-15T07:21:51","modified_gmt":"2021-05-15T12:21:51","slug":"tono-fraguas-y-mariana-nassar-defenderan-las-libertades-y-la-inclusion-de-todas","status":"publish","type":"post","link":"https:\/\/zonaroja.com.mx\/?p=27260","title":{"rendered":"To\u00f1o Fraguas y Mariana Nassar defender\u00e1n las libertades y la inclusi\u00f3n de todas"},"content":{"rendered":"\n<p>Redacci\u00f3n\/Zona Roja.<\/p>\n\n\n\n<p>Oaxaca de Ju\u00e1rez, Oax., 15 de mayo de 2021.- \u201cEn el Congreso de la Uni\u00f3n defender\u00e9 las libertades, la inclusi\u00f3n de toda la sociedad y alzar\u00e9 la voz ante cualquier acto de discriminaci\u00f3n, \u00a1No est\u00e1n solas y solos!\u201d, puntualiz\u00f3 el candidato a diputado federal por el distrito VIII, Jos\u00e9 Antonio Hern\u00e1ndez Fraguas, durante un encuentro con diversos miembros de la comunidad LGBT+.<\/p>\n\n\n\n<p>El abanderado de la coalici\u00f3n \u201cVa Por M\u00e9xico\u201d, indic\u00f3 que en el Congreso federal promover\u00e1 sanciones severas para aquellos que, por razones de preferencia sexual, identidad, creencias religiosas y discapacidad, nieguen oportunidades laborales, educativas y de desarrollo social a personas de este sector de la poblaci\u00f3n.<\/p>\n\n\n\n<p>\u201cLa discriminaci\u00f3n tiene ser severamente castigada en este pa\u00eds, si seguimos siendo permisibles vamos a seguir dando pasitos que no resuelven los temas m\u00e1s importantes laborales, de salud o en lo profesional\u201d, enfatiz\u00f3 el candidato.<\/p>\n\n\n\n<figure class=\"wp-block-embed-twitter wp-block-embed is-type-rich is-provider-twitter\"><div class=\"wp-block-embed__wrapper\">\n<div class=\"twitter-tweet\"><blockquote class=\"twitter-tweet\" data-lang=\"es\"><p lang=\"es\" dir=\"ltr\">Estamos cada d\u00eda m\u00e1s cerca del triunfo y hoy las vecinas y vecinos de Santa Luc\u00eda del Camino nos dieron su apoyo y voto de confianza.<br><br>Que no quede duda, el 6 de junio vamos a ganar, nada ni nadie nos va a detener. \u00a1Va por ti, va por M\u00e9xico! <a href=\"https:\/\/t.co\/a6Gcgvnw5h\">pic.twitter.com\/a6Gcgvnw5h<\/a><\/p>&mdash; To\u00f1o Hern\u00e1ndez Fraguas (@JAHFraguas) <a href=\"https:\/\/twitter.com\/JAHFraguas\/status\/1393355390209990661?ref_src=twsrc%5Etfw\">14 de mayo de 2021<\/a><\/blockquote><\/div>\n<\/div><\/figure>\n\n\n\n<p>En este marco, Mariana Nassar Pi\u00f1eyro reiter\u00f3 que \u201cQuede claro, no hay ambig\u00fcedad: no puedes discriminar a la gente por su orientaci\u00f3n sexual o identidad de g\u00e9nero. Todos deben recibir el mismo trato ante la ley. El miedo a la discriminaci\u00f3n puede llevar a las personas a renunciar a sus derechos, no podemos permitirlo\u201d.<\/p>\n\n\n\n<p>Las y los asistentes manifestaron su respaldo a los candidatos, toda vez que el Gobierno Federal los tiene en el olvido.<\/p>\n","protected":false},"excerpt":{"rendered":"<p>Redacci\u00f3n\/Zona Roja. Oaxaca de Ju\u00e1rez, Oax., 15 de mayo de 2021.- \u201cEn el Congreso de&hellip;<\/p>\n","protected":false},"author":2,"featured_media":27261,"comment_status":"closed","ping_status":"open","sticky":false,"template":"","format":"standard","meta":{"_lmt_disableupdate":"","_lmt_disable":"","_jetpack_memberships_contains_paid_content":false,"footnotes":""},"categories":[109,46],"tags":[2592],"class_list":["post-27260","post","type-post","status-publish","format-standard","has-post-thumbnail","hentry","category-minuto-a-minuto","category-zona-blanca","tag-jose-antonio-hernandez-fraguas"],"jetpack_featured_media_url":"https:\/\/zonaroja.com.mx\/wp-content\/uploads\/2021\/05\/Jose-Antonio-Hernandez-Fraguas-3.jpg","jetpack_sharing_enabled":true,"_links":{"self":[{"href":"https:\/\/zonaroja.com.mx\/index.php?rest_route=\/wp\/v2\/posts\/27260","targetHints":{"allow":["GET"]}}],"collection":[{"href":"https:\/\/zonaroja.com.mx\/index.php?rest_route=\/wp\/v2\/posts"}],"about":[{"href":"https:\/\/zonaroja.com.mx\/index.php?rest_route=\/wp\/v2\/types\/post"}],"author":[{"embeddable":true,"href":"https:\/\/zonaroja.com.mx\/index.php?rest_route=\/wp\/v2\/users\/2"}],"replies":[{"embeddable":true,"href":"https:\/\/zonaroja.com.mx\/index.php?rest_route=%2Fwp%2Fv2%2Fcomments&post=27260"}],"version-history":[{"count":1,"href":"https:\/\/zonaroja.com.mx\/index.php?rest_route=\/wp\/v2\/posts\/27260\/revisions"}],"predecessor-version":[{"id":27262,"href":"https:\/\/zonaroja.com.mx\/index.php?rest_route=\/wp\/v2\/posts\/27260\/revisions\/27262"}],"wp:featuredmedia":[{"embeddable":true,"href":"https:\/\/zonaroja.com.mx\/index.php?rest_route=\/wp\/v2\/media\/27261"}],"wp:attachment":[{"href":"https:\/\/zonaroja.com.mx\/index.php?rest_route=%2Fwp%2Fv2%2Fmedia&parent=27260"}],"wp:term":[{"taxonomy":"category","embeddable":true,"href":"https:\/\/zonaroja.com.mx\/index.php?rest_route=%2Fwp%2Fv2%2Fcategories&post=27260"},{"taxonomy":"post_tag","embeddable":true,"href":"https:\/\/zonaroja.com.mx\/index.php?rest_route=%2Fwp%2Fv2%2Ftags&post=27260"}],"curies":[{"name":"wp","href":"https:\/\/api.w.org\/{rel}","templated":true}]}}