{"id":27263,"date":"2021-05-15T07:32:28","date_gmt":"2021-05-15T12:32:28","guid":{"rendered":"http:\/\/www.zonaroja.com.mx\/?p=27263"},"modified":"2021-05-15T07:32:32","modified_gmt":"2021-05-15T12:32:32","slug":"signa-javier-villacana-compromiso-con-el-sector-de-la-construccion","status":"publish","type":"post","link":"https:\/\/zonaroja.com.mx\/?p=27263","title":{"rendered":"Signa Javier Villaca\u00f1a compromiso con el sector de la construcci\u00f3n"},"content":{"rendered":"\n<p>Redacci\u00f3n\/Zona Roja.<\/p>\n\n\n\n<p>Oaxaca de Ju\u00e1rez, Oax., a 15 de mayo de 2021.- Agilizaci\u00f3n de tr\u00e1mites, implementaci\u00f3n de un programa de regularizaci\u00f3n de obra, la reapertura de la Ventanilla \u00fanica para Construcci\u00f3n (reconocida en 2015 por la Cofemer y el Banco Mundial) adem\u00e1s de establecer en conjunto el desarrollo vertical, fue el compromiso que sign\u00f3 este jueves el candidato del PRI, PAN y PRD, Javier Villaca\u00f1a con el&nbsp; sector de la construcci\u00f3n.<\/p>\n\n\n\n<p>\u00abMi palabra con ustedes es hacer sinergia para ir m\u00e1s all\u00e1 de las elecciones. Con estos tres compromisos estamos dando respuesta a sus planteamientos que nos han hecho, pero vamos estar abiertos a cualquier sugerencia para dar pasos contundentes al desarrollo\u00bb,&nbsp; expuso ante representantes de diversos organismos.<\/p>\n\n\n\n<p>Acompa\u00f1ado por las candidatas a diputada local y federal, Laura Vign\u00f3n Carre\u00f1o y Giovanna Moreno Reyes, respectivamente,&nbsp; Villaca\u00f1a Jim\u00e9nez afirm\u00f3&nbsp; que&nbsp; trabajar\u00e1 en equipo con el sector de la construcci\u00f3n para generar empleos y obras que sean ben\u00e9ficas para Oaxaca.<\/p>\n\n\n\n<p>Dentro de esta firma, explic\u00f3, se va reestablecer de inmediato la Ventanilla \u00danica de Tr\u00e1mites Expr\u00e9ss, se va a explorar la factibilidad del desarrollo vertical, adem\u00e1s de emplear un programa de regularizaci\u00f3n para todas las obras que hayan llevado a cabo sin reunir los requisitos de Ley.<\/p>\n\n\n\n<figure class=\"wp-block-embed-twitter wp-block-embed is-type-rich is-provider-twitter\"><div class=\"wp-block-embed__wrapper\">\n<div class=\"twitter-tweet\"><blockquote class=\"twitter-tweet\" data-lang=\"es\"><p lang=\"es\" dir=\"ltr\">A paso firme avanzamos en este proyecto para recuperar la grandeza de nuestra tierra; siempre ser\u00e1 un gusto saludar a vecinas y vecinos de la Agencia de Polic\u00eda de Dolores, a quienes agradezco su c\u00e1lido recibimiento. En unidad construiremos una mejor ciudad. <a href=\"https:\/\/twitter.com\/hashtag\/VaPorOaxacaDeJu%C3%A1rez?src=hash&amp;ref_src=twsrc%5Etfw\">#VaPorOaxacaDeJu\u00e1rez<\/a> <a href=\"https:\/\/t.co\/ZzrhQuShge\">pic.twitter.com\/ZzrhQuShge<\/a><\/p>&mdash; Javier Villaca\u00f1a (@JavierVillacana) <a href=\"https:\/\/twitter.com\/JavierVillacana\/status\/1393362943845224450?ref_src=twsrc%5Etfw\">15 de mayo de 2021<\/a><\/blockquote><\/div>\n<\/div><\/figure>\n\n\n\n<p>Por su parte, los representantes de la construcci\u00f3n acordaron ir en unidad con el proyecto que encabeza Javier Villaca\u00f1a Jim\u00e9nez. \u00abQue sea por Oaxaca\u00bb, indicaron entre aplausos.<\/p>\n\n\n\n<p>Estuvieron presentes en esta reuni\u00f3n representantes de la C\u00e1mara Mexicana de la Industria de la Construcci\u00f3n (CMIC); Mujeres Constructoras; Colegio de Ingenieros&nbsp; y Directores y Responsables de Obra; Colegio de Ingenieros Civiles de Oaxaca; Sociedad Mexicana de Ingenieros Delegaci\u00f3n Oaxaca; Colegio Oaxaque\u00f1o de Ingenieros Civiles; y la C\u00e1mara Nacional de Empresas de Consultor\u00eda Delegaci\u00f3n Oaxaca.<\/p>\n\n\n\n<p>As\u00ed tambi\u00e9n dieron su respaldo la Asociaci\u00f3n de Ingenieros y Arquitectos de Mexico Delegaci\u00f3n Oaxaca; el Colegio Aut\u00f3nomo de Profesionistas en Arquitectura del Estado de Oaxaca A.C.; DAMARH Asociaci\u00f3n Oaxaque\u00f1a de Arquitectas e Ingenieras A.C.\/Asociaci\u00f3n Capacit\u00e1ndonos Por Oaxaca; adem\u00e1s de Equipo de Bienes Raices y Construcci\u00f3n \/BNI Guelaguetza Diamante.<\/p>\n","protected":false},"excerpt":{"rendered":"<p>Redacci\u00f3n\/Zona Roja. Oaxaca de Ju\u00e1rez, Oax., a 15 de mayo de 2021.- Agilizaci\u00f3n de tr\u00e1mites,&hellip;<\/p>\n","protected":false},"author":2,"featured_media":27264,"comment_status":"closed","ping_status":"open","sticky":false,"template":"","format":"standard","meta":{"_lmt_disableupdate":"","_lmt_disable":"","_jetpack_memberships_contains_paid_content":false,"footnotes":""},"categories":[109,46],"tags":[2456],"class_list":["post-27263","post","type-post","status-publish","format-standard","has-post-thumbnail","hentry","category-minuto-a-minuto","category-zona-blanca","tag-javier-villacana-jimenez"],"jetpack_featured_media_url":"https:\/\/zonaroja.com.mx\/wp-content\/uploads\/2021\/05\/14May-Sector-Construccion_2.jpeg","jetpack_sharing_enabled":true,"_links":{"self":[{"href":"https:\/\/zonaroja.com.mx\/index.php?rest_route=\/wp\/v2\/posts\/27263","targetHints":{"allow":["GET"]}}],"collection":[{"href":"https:\/\/zonaroja.com.mx\/index.php?rest_route=\/wp\/v2\/posts"}],"about":[{"href":"https:\/\/zonaroja.com.mx\/index.php?rest_route=\/wp\/v2\/types\/post"}],"author":[{"embeddable":true,"href":"https:\/\/zonaroja.com.mx\/index.php?rest_route=\/wp\/v2\/users\/2"}],"replies":[{"embeddable":true,"href":"https:\/\/zonaroja.com.mx\/index.php?rest_route=%2Fwp%2Fv2%2Fcomments&post=27263"}],"version-history":[{"count":1,"href":"https:\/\/zonaroja.com.mx\/index.php?rest_route=\/wp\/v2\/posts\/27263\/revisions"}],"predecessor-version":[{"id":27265,"href":"https:\/\/zonaroja.com.mx\/index.php?rest_route=\/wp\/v2\/posts\/27263\/revisions\/27265"}],"wp:featuredmedia":[{"embeddable":true,"href":"https:\/\/zonaroja.com.mx\/index.php?rest_route=\/wp\/v2\/media\/27264"}],"wp:attachment":[{"href":"https:\/\/zonaroja.com.mx\/index.php?rest_route=%2Fwp%2Fv2%2Fmedia&parent=27263"}],"wp:term":[{"taxonomy":"category","embeddable":true,"href":"https:\/\/zonaroja.com.mx\/index.php?rest_route=%2Fwp%2Fv2%2Fcategories&post=27263"},{"taxonomy":"post_tag","embeddable":true,"href":"https:\/\/zonaroja.com.mx\/index.php?rest_route=%2Fwp%2Fv2%2Ftags&post=27263"}],"curies":[{"name":"wp","href":"https:\/\/api.w.org\/{rel}","templated":true}]}}