{"id":27266,"date":"2021-05-15T07:35:04","date_gmt":"2021-05-15T12:35:04","guid":{"rendered":"http:\/\/www.zonaroja.com.mx\/?p=27266"},"modified":"2021-05-15T07:35:08","modified_gmt":"2021-05-15T12:35:08","slug":"felicita-ieepo-a-maestros-en-su-dia-y-les-reconoce-labor-en-pandemia","status":"publish","type":"post","link":"https:\/\/zonaroja.com.mx\/?p=27266","title":{"rendered":"Felicita IEEPO a maestros en su d\u00eda y les reconoce labor en pandemia"},"content":{"rendered":"\n<p>Redacci\u00f3n\/Zona Roja.<\/p>\n\n\n\n<p>Oaxaca de Ju\u00e1rez, Oax., 15 de mayo de 2021. La labor docente se realiza con esp\u00edritu de servicio y amor a la ni\u00f1ez; no solo implica la transmisi\u00f3n de conocimientos, sino tambi\u00e9n de valores, como los que las maestras y maestros oaxaque\u00f1os han brindado a cada generaci\u00f3n que han instruido, con un esfuerzo extraordinario en este periodo de contingencia sanitaria por Covid-19.<\/p>\n\n\n\n<p>En el marco del 15 de mayo, D\u00eda del Maestro, por su entrega, compromiso, responsabilidad y dedicaci\u00f3n, el Instituto Estatal de Educaci\u00f3n P\u00fablica de Oaxaca (IEEPO) felicita y reconoce a quienes tienen la alta responsabilidad de educar a las ni\u00f1as, ni\u00f1os, adolescentes y j\u00f3venes de la entidad.<\/p>\n\n\n\n<p>En Oaxaca, son aproximadamente 70 mil las maestras y maestros que dedican su vida a ense\u00f1ar y a preparar a las nuevas generaciones para la vida, consolidando la identidad y valores nacionales con la firme convicci\u00f3n de transformar la realidad del pa\u00eds.<\/p>\n\n\n\n<p>Ante la contingencia sanitaria, han hecho patente su vocaci\u00f3n y compromiso con la educaci\u00f3n de las cerca de 900 mil ni\u00f1as, ni\u00f1os y adolescentes de todo el estado, empleando diferentes estrategias como las visitas peri\u00f3dicas a sus comunidades, gu\u00edas y cuadernillos de trabajo, as\u00ed como el apoyo del programa Aprende en Casa de la Secretar\u00eda de Educaci\u00f3n P\u00fablica (SEP).<\/p>\n\n\n\n<p>El D\u00eda del Maestro tiene su origen en 1917 cuando los diputados Benito Ram\u00edrez y Enrique Viesca, propusieron al presidente Venustiano Carranza, fuera establecido el 15 de mayo para reconocer la gran labor que realizan los docentes en el pa\u00eds; fue en 1918 que, por decreto presidencial, se inicia con esta conmemoraci\u00f3n establecida como el D\u00eda del Maestro.<\/p>\n","protected":false},"excerpt":{"rendered":"<p>Redacci\u00f3n\/Zona Roja. Oaxaca de Ju\u00e1rez, Oax., 15 de mayo de 2021. La labor docente se&hellip;<\/p>\n","protected":false},"author":2,"featured_media":27253,"comment_status":"closed","ping_status":"open","sticky":false,"template":"","format":"standard","meta":{"_lmt_disableupdate":"","_lmt_disable":"","_jetpack_memberships_contains_paid_content":false,"footnotes":""},"categories":[109,46],"tags":[599],"class_list":["post-27266","post","type-post","status-publish","format-standard","has-post-thumbnail","hentry","category-minuto-a-minuto","category-zona-blanca","tag-instituto-estatal-de-educacion-publica-de-oaxaca"],"jetpack_featured_media_url":"https:\/\/zonaroja.com.mx\/wp-content\/uploads\/2021\/05\/Dia-del-maestro.jpg","jetpack_sharing_enabled":true,"_links":{"self":[{"href":"https:\/\/zonaroja.com.mx\/index.php?rest_route=\/wp\/v2\/posts\/27266","targetHints":{"allow":["GET"]}}],"collection":[{"href":"https:\/\/zonaroja.com.mx\/index.php?rest_route=\/wp\/v2\/posts"}],"about":[{"href":"https:\/\/zonaroja.com.mx\/index.php?rest_route=\/wp\/v2\/types\/post"}],"author":[{"embeddable":true,"href":"https:\/\/zonaroja.com.mx\/index.php?rest_route=\/wp\/v2\/users\/2"}],"replies":[{"embeddable":true,"href":"https:\/\/zonaroja.com.mx\/index.php?rest_route=%2Fwp%2Fv2%2Fcomments&post=27266"}],"version-history":[{"count":1,"href":"https:\/\/zonaroja.com.mx\/index.php?rest_route=\/wp\/v2\/posts\/27266\/revisions"}],"predecessor-version":[{"id":27267,"href":"https:\/\/zonaroja.com.mx\/index.php?rest_route=\/wp\/v2\/posts\/27266\/revisions\/27267"}],"wp:featuredmedia":[{"embeddable":true,"href":"https:\/\/zonaroja.com.mx\/index.php?rest_route=\/wp\/v2\/media\/27253"}],"wp:attachment":[{"href":"https:\/\/zonaroja.com.mx\/index.php?rest_route=%2Fwp%2Fv2%2Fmedia&parent=27266"}],"wp:term":[{"taxonomy":"category","embeddable":true,"href":"https:\/\/zonaroja.com.mx\/index.php?rest_route=%2Fwp%2Fv2%2Fcategories&post=27266"},{"taxonomy":"post_tag","embeddable":true,"href":"https:\/\/zonaroja.com.mx\/index.php?rest_route=%2Fwp%2Fv2%2Ftags&post=27266"}],"curies":[{"name":"wp","href":"https:\/\/api.w.org\/{rel}","templated":true}]}}