{"id":27268,"date":"2021-05-15T07:58:40","date_gmt":"2021-05-15T12:58:40","guid":{"rendered":"http:\/\/www.zonaroja.com.mx\/?p=27268"},"modified":"2021-05-15T07:58:45","modified_gmt":"2021-05-15T12:58:45","slug":"siguen-ataques-e-incendio-de-casas-en-textitlan-oaxaca","status":"publish","type":"post","link":"https:\/\/zonaroja.com.mx\/?p=27268","title":{"rendered":"Siguen ataques e incendio de casas en Textitl\u00e1n, Oaxaca"},"content":{"rendered":"\n<p>Redacci\u00f3n\/Zona Roja.<\/p>\n\n\n\n<p>Oaxaca de Ju\u00e1rez, Oax., 15 de mayo de 2021.- Habitantes del municipio de Santiago Textitl\u00e1n, Oaxaca, denunciaron que contin\u00faan los ataques armados y el incendio de viviendas en contra de la poblaci\u00f3n, presuntamente por parte de Santiago Xochiltepec.<\/p>\n\n\n\n<p>El m\u00e1s reciente caso se registr\u00f3 ayer y fue difundido a trav\u00e9s de un video, con la quema de una vivienda de la se\u00f1ora Jacinta L\u00f3pez, una se\u00f1or de 84 a\u00f1os de edad, misma que se encuentra en la zona de R\u00edo Santiago y que el a\u00f1o pasado tambi\u00e9n ya hab\u00eda sido balaceada.<\/p>\n\n\n\n<p>La v\u00edspera tambi\u00e9n, dieron a conocer videos en que fueron atacadas m\u00e1s familias:<\/p>\n\n\n\n<p>\u201cLa gente de Xochiltepec, por mandato del se\u00f1or Yuviel, el se\u00f1or agente de Xochiltepec, ya envi\u00f3 y nos est\u00e1n baleando ac\u00e1 a la orilla del pueblo.<\/p>\n\n\n\n<figure class=\"wp-block-embed-twitter wp-block-embed is-type-rich is-provider-twitter\"><div class=\"wp-block-embed__wrapper\">\n<div class=\"twitter-tweet\"><blockquote class=\"twitter-tweet\" data-lang=\"es\"><p lang=\"es\" dir=\"ltr\"><a href=\"https:\/\/twitter.com\/hashtag\/%C3%9AltimoMinuto?src=hash&amp;ref_src=twsrc%5Etfw\">#\u00daltimoMinuto<\/a> <br>Contin\u00faan las agresiones armadas de <a href=\"https:\/\/twitter.com\/hashtag\/Xochiltepec?src=hash&amp;ref_src=twsrc%5Etfw\">#Xochiltepec<\/a> contra <a href=\"https:\/\/twitter.com\/hashtag\/Textitl%C3%A1n?src=hash&amp;ref_src=twsrc%5Etfw\">#Textitl\u00e1n<\/a> y cada vez m\u00e1s cercan a la poblaci\u00f3n, denuncian mujeres. Insisten en la presencia de fuerzas federales y estatales en esa zona de la Sierra Sur de <a href=\"https:\/\/twitter.com\/hashtag\/Oaxaca?src=hash&amp;ref_src=twsrc%5Etfw\">#Oaxaca<\/a>. <a href=\"https:\/\/t.co\/MYJrN1N8eO\">pic.twitter.com\/MYJrN1N8eO<\/a><\/p>&mdash; Zona Roja Oaxaca (@Zona_Roja_Oax) <a href=\"https:\/\/twitter.com\/Zona_Roja_Oax\/status\/1393319170356486145?ref_src=twsrc%5Etfw\">14 de mayo de 2021<\/a><\/blockquote><\/div>\n<\/div><\/figure>\n\n\n\n<p>\u201cEntonces c\u00f3mo es que se queja que somos nosotros, ya est\u00e1n ac\u00e1 en la orilla del pueblo\u201d, expuso una mujer, mientras que varias de sus compa\u00f1eras sollozaban debido a los continuos ataques armados.<\/p>\n\n\n\n<p>\u201cQue sea hombre el se\u00f1or Yuviel y que diga la verdad\u201d, manifest\u00f3, al demandar el refuerzo policiaco en la zona.<\/p>\n\n\n\n<p>Por su parte, la Secretar\u00eda de Seguridad P\u00fablica de Oaxaca inform\u00f3 que mantiene sus patrullajes en la zona, con elementos de la Polic\u00eda Estatal y de la Guardia Nacional, en tanto se mantiene el di\u00e1logo por las partes en conflicto, que recrudecieron el pasado mi\u00e9rcoles.<\/p>\n","protected":false},"excerpt":{"rendered":"<p>Redacci\u00f3n\/Zona Roja. Oaxaca de Ju\u00e1rez, Oax., 15 de mayo de 2021.- Habitantes del municipio de&hellip;<\/p>\n","protected":false},"author":2,"featured_media":27269,"comment_status":"closed","ping_status":"open","sticky":false,"template":"","format":"standard","meta":{"_lmt_disableupdate":"","_lmt_disable":"","_jetpack_memberships_contains_paid_content":false,"footnotes":""},"categories":[109,47],"tags":[1980,2307],"class_list":["post-27268","post","type-post","status-publish","format-standard","has-post-thumbnail","hentry","category-minuto-a-minuto","category-zona-gris","tag-santiago-textitlan","tag-santiago-xochiltepec"],"jetpack_featured_media_url":"https:\/\/zonaroja.com.mx\/wp-content\/uploads\/2021\/05\/Ataque-Textitlan.jpg","jetpack_sharing_enabled":true,"_links":{"self":[{"href":"https:\/\/zonaroja.com.mx\/index.php?rest_route=\/wp\/v2\/posts\/27268","targetHints":{"allow":["GET"]}}],"collection":[{"href":"https:\/\/zonaroja.com.mx\/index.php?rest_route=\/wp\/v2\/posts"}],"about":[{"href":"https:\/\/zonaroja.com.mx\/index.php?rest_route=\/wp\/v2\/types\/post"}],"author":[{"embeddable":true,"href":"https:\/\/zonaroja.com.mx\/index.php?rest_route=\/wp\/v2\/users\/2"}],"replies":[{"embeddable":true,"href":"https:\/\/zonaroja.com.mx\/index.php?rest_route=%2Fwp%2Fv2%2Fcomments&post=27268"}],"version-history":[{"count":1,"href":"https:\/\/zonaroja.com.mx\/index.php?rest_route=\/wp\/v2\/posts\/27268\/revisions"}],"predecessor-version":[{"id":27270,"href":"https:\/\/zonaroja.com.mx\/index.php?rest_route=\/wp\/v2\/posts\/27268\/revisions\/27270"}],"wp:featuredmedia":[{"embeddable":true,"href":"https:\/\/zonaroja.com.mx\/index.php?rest_route=\/wp\/v2\/media\/27269"}],"wp:attachment":[{"href":"https:\/\/zonaroja.com.mx\/index.php?rest_route=%2Fwp%2Fv2%2Fmedia&parent=27268"}],"wp:term":[{"taxonomy":"category","embeddable":true,"href":"https:\/\/zonaroja.com.mx\/index.php?rest_route=%2Fwp%2Fv2%2Fcategories&post=27268"},{"taxonomy":"post_tag","embeddable":true,"href":"https:\/\/zonaroja.com.mx\/index.php?rest_route=%2Fwp%2Fv2%2Ftags&post=27268"}],"curies":[{"name":"wp","href":"https:\/\/api.w.org\/{rel}","templated":true}]}}