{"id":27271,"date":"2021-05-15T09:55:53","date_gmt":"2021-05-15T14:55:53","guid":{"rendered":"https:\/\/www.zonaroja.com.mx\/?p=27271"},"modified":"2021-05-15T09:55:56","modified_gmt":"2021-05-15T14:55:56","slug":"mas-de-un-millon-de-docentes-en-mexico-mujeres-la-mayoria","status":"publish","type":"post","link":"https:\/\/zonaroja.com.mx\/?p=27271","title":{"rendered":"M\u00e1s de un mill\u00f3n de docentes en M\u00e9xico; mujeres, la mayor\u00eda"},"content":{"rendered":"\n<p class=\"MsoNormal\">Evlin Arag\u00f3n\/Zona Roja.&nbsp;<\/p>\n\n\n\n<p class=\"MsoNormal\">Oaxaca de Ju\u00e1rez, Oax., a 15 de mayo de 2021.- Un mill\u00f3n 200 mil personas en M\u00e9xico se dedican a la actividad docente, de las cuales 878 mil son mujeres y 378 mil son varones. <\/p>\n\n\n\n<p class=\"MsoNormal\">Lo anterior de acuerdo con la Encuesta Nacional de Ocupaci\u00f3n y Empleo que, al cuarto trimestre de 2020, registra un total de 82.1 por ciento con formaci\u00f3n acad\u00e9mica como docente o en una carrera relacionada con las ciencias de la educaci\u00f3n.&nbsp;<\/p>\n\n\n\n<p class=\"MsoNormal\">Respecto del nivel de escolaridad de estas personas ocupadas, 81.3 por ciento tienen licenciatura, 9.0 por ciento maestr\u00edas, 1.1 por ciento doctorado, 7.9 por ciento alguna carrera t\u00e9cnica, normal o preparatoria, 0.5 y 0.2 por ciento secundaria y primaria.&nbsp;&nbsp;<\/p>\n\n\n\n<p class=\"MsoNormal\">Las personas ocupadas directamente en la docencia que no cuenta con una&nbsp;carrera relacionada a las Ciencias de la Educaci\u00f3n se formaron en las Ciencias Sociales, Administraci\u00f3n y Derecho; Artes&nbsp;y Humanidades; Ingenier\u00eda, manufactura y construcci\u00f3n; Ciencias Naturales, exactas y de la computaci\u00f3n; Salud, Agronom\u00eda y Veterinaria; as\u00ed como en servicios.&nbsp;<\/p>\n\n\n\n<p class=\"MsoNormal\">De acuerdo con los&nbsp;datos expuestos, decada 100 maestras y maestros que se desempe\u00f1an dentro de la educaci\u00f3n b\u00e1sica, 51 lo hacen en el nivel de primaria, 25 en el de secundaria, 20 en el de preescolar, dos imparten ense\u00f1anza especial y los restantes son alfabetizadores o se dedican a la ense\u00f1anza biling\u00fce.&nbsp;<\/p>\n\n\n\n<p class=\"MsoNormal\">Las personas cuya ocupaci\u00f3n principal es la de impartir clases, lo hacen principalmente en el sector de los servicios educativos donde&nbsp;predomina el trabajo subordinado y remunerado en un 98.7 por ciento, y muy pocas laboran por cuenta propia.&nbsp;<\/p>\n\n\n\n<p class=\"MsoNormal\">Las y los docentes laboran en promedio 31 horas a la semana. De cada 100 de estas personas ocupadas, 52 trabajan de 15 a 34 horas; 32, de 35 a 48 horas; nueve, m\u00e1s de 48 horas, y siete, menos de 15 horas en ese mismo lapso.&nbsp;<\/p>\n\n\n\n<p class=\"MsoNormal\">Finalmente, de acuerdo con la encuesta 99 de cada 100 imparten clases en instituciones p\u00fablicas y privadas, mientras que el restante lo hace de manera informal. <\/p>\n\n\n\n<p class=\"MsoNormal\">As\u00ed mismo 97 de cada 100 cuentan con alg\u00fan tipo de prestaci\u00f3n, la mayor\u00eda cuenta con contrataci\u00f3n de base y solo el 10 por ciento realiza la labor de manera temporal.   <\/p>\n","protected":false},"excerpt":{"rendered":"<p>Evlin Arag\u00f3n\/Zona Roja.&nbsp; Oaxaca de Ju\u00e1rez, Oax., a 15 de mayo de 2021.- Un mill\u00f3n&hellip;<\/p>\n","protected":false},"author":2,"featured_media":27252,"comment_status":"closed","ping_status":"open","sticky":false,"template":"","format":"standard","meta":{"_lmt_disableupdate":"","_lmt_disable":"","_jetpack_memberships_contains_paid_content":false,"footnotes":""},"categories":[109,47],"tags":[2678],"class_list":["post-27271","post","type-post","status-publish","format-standard","has-post-thumbnail","hentry","category-minuto-a-minuto","category-zona-gris","tag-dia-del-maestro"],"jetpack_featured_media_url":"https:\/\/zonaroja.com.mx\/wp-content\/uploads\/2021\/05\/Dia-del-maestro-2.jpg","jetpack_sharing_enabled":true,"_links":{"self":[{"href":"https:\/\/zonaroja.com.mx\/index.php?rest_route=\/wp\/v2\/posts\/27271","targetHints":{"allow":["GET"]}}],"collection":[{"href":"https:\/\/zonaroja.com.mx\/index.php?rest_route=\/wp\/v2\/posts"}],"about":[{"href":"https:\/\/zonaroja.com.mx\/index.php?rest_route=\/wp\/v2\/types\/post"}],"author":[{"embeddable":true,"href":"https:\/\/zonaroja.com.mx\/index.php?rest_route=\/wp\/v2\/users\/2"}],"replies":[{"embeddable":true,"href":"https:\/\/zonaroja.com.mx\/index.php?rest_route=%2Fwp%2Fv2%2Fcomments&post=27271"}],"version-history":[{"count":1,"href":"https:\/\/zonaroja.com.mx\/index.php?rest_route=\/wp\/v2\/posts\/27271\/revisions"}],"predecessor-version":[{"id":27272,"href":"https:\/\/zonaroja.com.mx\/index.php?rest_route=\/wp\/v2\/posts\/27271\/revisions\/27272"}],"wp:featuredmedia":[{"embeddable":true,"href":"https:\/\/zonaroja.com.mx\/index.php?rest_route=\/wp\/v2\/media\/27252"}],"wp:attachment":[{"href":"https:\/\/zonaroja.com.mx\/index.php?rest_route=%2Fwp%2Fv2%2Fmedia&parent=27271"}],"wp:term":[{"taxonomy":"category","embeddable":true,"href":"https:\/\/zonaroja.com.mx\/index.php?rest_route=%2Fwp%2Fv2%2Fcategories&post=27271"},{"taxonomy":"post_tag","embeddable":true,"href":"https:\/\/zonaroja.com.mx\/index.php?rest_route=%2Fwp%2Fv2%2Ftags&post=27271"}],"curies":[{"name":"wp","href":"https:\/\/api.w.org\/{rel}","templated":true}]}}