{"id":27273,"date":"2021-05-15T15:44:06","date_gmt":"2021-05-15T20:44:06","guid":{"rendered":"http:\/\/www.zonaroja.com.mx\/?p=27273"},"modified":"2021-05-15T15:44:18","modified_gmt":"2021-05-15T20:44:18","slug":"la-tragedia-aun-no-acaba-insisten-en-localizacion-de-claudia-uruchurtu","status":"publish","type":"post","link":"https:\/\/zonaroja.com.mx\/?p=27273","title":{"rendered":"La tragedia a\u00fan no acaba, insisten en localizaci\u00f3n de Claudia Uruchurtu"},"content":{"rendered":"\n<p>Evlin Arag\u00f3n\/Zona Roja.<\/p>\n\n\n\n<p>Oaxaca de Ju\u00e1rez, Oax., 15 de mayo de 2021.- \u201cNos sigue haciendo falta Claudia, seguimos busc\u00e1ndola y esa es nuestra lucha\u201d, refirieron este s\u00e1bado las hermanas de la activista desaparecida desde el pasado 26 de marzo en Asunci\u00f3n Nochixtl\u00e1n.<\/p>\n\n\n\n<p>En conferencia de prensa en la capital, explicaron que la vinculaci\u00f3n a proceso de las tres personas indiciadas por el delito de desaparici\u00f3n forzada, entre ellas la edil con licencia Lizbeth V. H., en perjuicio de su hermana, es la fase inicial del proceso penal para determinar la responsabilidad de quienes fueron imputados.&nbsp;<\/p>\n\n\n\n<p>Sin embargo, aseguraron que lo anterior no es el final de la tragedia toda vez que a\u00fan falta dar con el paradero de Claudia.&nbsp;<\/p>\n\n\n\n<p>\u201cComo lo hemos reiterado nuestra principal preocupaci\u00f3n es el paradero de Claudia, seguiremos trabajando con la Fiscal\u00eda, la Comisi\u00f3n Nacional de B\u00fasqueda y todas las autoridades competentes quienes no han descartado ninguna l\u00ednea de trabajo para dar con su paradero. No vamos a descansar hasta encontrarla\u201d, sentenciaron.&nbsp;<\/p>\n\n\n\n<p>As\u00ed mismo, detallaron que la existencia del testigo protegido, al que hizo referencia el Presidente de M\u00e9xico, Andr\u00e9s Manuel L\u00f3pez Obrador, les da esperanza sobre el actuar de las instituciones, de ah\u00ed que conf\u00edan en la solidez de la investigaci\u00f3n y los datos contundentes que han arrojado.\u00a0<\/p>\n\n\n\n<figure class=\"wp-block-embed-twitter wp-block-embed is-type-rich is-provider-twitter\"><div class=\"wp-block-embed__wrapper\">\n<div class=\"twitter-tweet\"><blockquote class=\"twitter-tweet\" data-lang=\"es\"><p lang=\"es\" dir=\"ltr\"><a href=\"https:\/\/twitter.com\/hashtag\/%C3%9AltimoMinuto?src=hash&amp;ref_src=twsrc%5Etfw\">#\u00daltimoMinuto<\/a> <br>En conferencia de prensa en la capital de <a href=\"https:\/\/twitter.com\/hashtag\/Oaxaca?src=hash&amp;ref_src=twsrc%5Etfw\">#Oaxaca<\/a>, familiares de Claudia Uruchurtu reconocieron la aprehensi\u00f3n y vinculaci\u00f3n a proceso de tres personas detenidas, entre ellas la edil de Asunci\u00f3n <a href=\"https:\/\/twitter.com\/hashtag\/Nochixtl%C3%A1n?src=hash&amp;ref_src=twsrc%5Etfw\">#Nochixtl\u00e1n<\/a>, <a href=\"https:\/\/twitter.com\/LizVictoriaHta?ref_src=twsrc%5Etfw\">@LizVictoriaHta<\/a>. <a href=\"https:\/\/t.co\/F3yLk9pTAV\">pic.twitter.com\/F3yLk9pTAV<\/a><\/p>&mdash; Zona Roja Oaxaca (@Zona_Roja_Oax) <a href=\"https:\/\/twitter.com\/Zona_Roja_Oax\/status\/1393636553822453763?ref_src=twsrc%5Etfw\">15 de mayo de 2021<\/a><\/blockquote><\/div>\n<\/div><\/figure>\n\n\n\n<p>Aunque reconocieron que las investigaciones contin\u00faan por parte de las autoridades, indicaron que ha sido la poblaci\u00f3n la que m\u00e1s datos ha aportado, de aqu\u00ed que hicieron un llamado a la solidaridad de la poblaci\u00f3n de Nochixtl\u00e1n y comunidades aleda\u00f1as de regi\u00f3n Mixteca.&nbsp;<\/p>\n\n\n\n<p>Recordaron que el caso ha sido reconocido como desaparici\u00f3n forzada, debido al activismo que realizaba su hermana, sin embargo, reconocieron la normalizaci\u00f3n de ciento y miles de casos similares en lo que el dolor y la impotencia de las familias se ha convertido en una constante.&nbsp;<\/p>\n\n\n\n<p>De ah\u00ed que exigieron a las autoridades, de todos los niveles, hacer lo que tengan que hacer para que la desaparici\u00f3n de personas deje de ser algo cotidiano en perjuicio de cientos y miles de familias en M\u00e9xico.&nbsp;<\/p>\n\n\n\n<p>As\u00ed mismo, y aunque no han recibido amenazas de ning\u00fan tipo, tras la captura de la ex edil de Nochixtl\u00e1n, explicaron que nada tienen en contra de la mujer y lo \u00fanico que buscan es localizar a su hermana y el castigo de quienes resulten responsables, sin importar quienes sean.&nbsp;<\/p>\n\n\n\n<p>Finalmente, las hermanas Uruchurtu Cruz agradecieron la labor de los medios de comunicaci\u00f3n, organismos nacionales e internacionales, as\u00ed como habitantes de Asunci\u00f3n Nochixtl\u00e1n, que pese a las amenazas dieron informaci\u00f3n valiosa para iniciar el proceso penal en contra de la y los indiciados.&nbsp;<\/p>\n","protected":false},"excerpt":{"rendered":"<p>Evlin Arag\u00f3n\/Zona Roja. Oaxaca de Ju\u00e1rez, Oax., 15 de mayo de 2021.- \u201cNos sigue haciendo&hellip;<\/p>\n","protected":false},"author":2,"featured_media":27274,"comment_status":"closed","ping_status":"open","sticky":false,"template":"","format":"standard","meta":{"_lmt_disableupdate":"","_lmt_disable":"","_jetpack_memberships_contains_paid_content":false,"footnotes":""},"categories":[109,47],"tags":[2582],"class_list":["post-27273","post","type-post","status-publish","format-standard","has-post-thumbnail","hentry","category-minuto-a-minuto","category-zona-gris","tag-claudia-uruchurtu-cruz"],"jetpack_featured_media_url":"https:\/\/zonaroja.com.mx\/wp-content\/uploads\/2021\/05\/Conferencia-de-hermanas-de-Claudia-Uruchurtu.jpg","jetpack_sharing_enabled":true,"_links":{"self":[{"href":"https:\/\/zonaroja.com.mx\/index.php?rest_route=\/wp\/v2\/posts\/27273","targetHints":{"allow":["GET"]}}],"collection":[{"href":"https:\/\/zonaroja.com.mx\/index.php?rest_route=\/wp\/v2\/posts"}],"about":[{"href":"https:\/\/zonaroja.com.mx\/index.php?rest_route=\/wp\/v2\/types\/post"}],"author":[{"embeddable":true,"href":"https:\/\/zonaroja.com.mx\/index.php?rest_route=\/wp\/v2\/users\/2"}],"replies":[{"embeddable":true,"href":"https:\/\/zonaroja.com.mx\/index.php?rest_route=%2Fwp%2Fv2%2Fcomments&post=27273"}],"version-history":[{"count":1,"href":"https:\/\/zonaroja.com.mx\/index.php?rest_route=\/wp\/v2\/posts\/27273\/revisions"}],"predecessor-version":[{"id":27275,"href":"https:\/\/zonaroja.com.mx\/index.php?rest_route=\/wp\/v2\/posts\/27273\/revisions\/27275"}],"wp:featuredmedia":[{"embeddable":true,"href":"https:\/\/zonaroja.com.mx\/index.php?rest_route=\/wp\/v2\/media\/27274"}],"wp:attachment":[{"href":"https:\/\/zonaroja.com.mx\/index.php?rest_route=%2Fwp%2Fv2%2Fmedia&parent=27273"}],"wp:term":[{"taxonomy":"category","embeddable":true,"href":"https:\/\/zonaroja.com.mx\/index.php?rest_route=%2Fwp%2Fv2%2Fcategories&post=27273"},{"taxonomy":"post_tag","embeddable":true,"href":"https:\/\/zonaroja.com.mx\/index.php?rest_route=%2Fwp%2Fv2%2Ftags&post=27273"}],"curies":[{"name":"wp","href":"https:\/\/api.w.org\/{rel}","templated":true}]}}