{"id":27276,"date":"2021-05-15T15:59:36","date_gmt":"2021-05-15T20:59:36","guid":{"rendered":"http:\/\/www.zonaroja.com.mx\/?p=27276"},"modified":"2022-05-21T08:05:45","modified_gmt":"2022-05-21T13:05:45","slug":"unos-900-mezcaleros-eligen-dirigencia-de-comercam-exigen-cuentas-a-hipocrates-nolasco","status":"publish","type":"post","link":"https:\/\/zonaroja.com.mx\/?p=27276","title":{"rendered":"Unos 900 mezcaleros eligen dirigencia de Comercam; exigen cuentas a Hip\u00f3crates Nolasco"},"content":{"rendered":"\n<p>Evlin Arag\u00f3n\/Zona Roja.<\/p>\n\n\n\n<p>Oaxaca de Ju\u00e1rez, Oax., 15 de mayo de 2021.- La rebeli\u00f3n de la comunidad mezcalera en contra de Hip\u00f3crates Nolasco Cancino, presidente desde hace nueve a\u00f1os del Consejo Mexicano Regulador de la Calidad del Mezcal (Comercam), se consum\u00f3 este s\u00e1bado con la instalaci\u00f3n de una Asamblea General, que determin\u00f3 el relevo en la representatividad y eligi\u00f3 a Avelino Cohetero Villegas como presidente del organismo.&nbsp;<\/p>\n\n\n\n<p>Desde temprana hora arribaron a la poblaci\u00f3n de San Dionisio Ocotepec alrededor de 900 productores y representantes del mezcal de Oaxaca, as\u00ed como de Guerrero, Puebla, Durango, Michoac\u00e1n, entre otros estados de la Rep\u00fablica, a fin de concretar lo que hace una semana hab\u00edan anunciado, el cambio de la dirigencia del \u00f3rgano regulador.&nbsp;<\/p>\n\n\n\n<p>Instalando la Asamblea General como marcan los estatutos, designando un secretario y los respectivos escrutadores para el conteo de los votos, la reuni\u00f3n se llev\u00f3 a cabo con una duraci\u00f3n de m\u00e1s de tres horas, en la que algunos mezcaleros expresaron su malestar por la situaci\u00f3n actual del gremio.&nbsp;<\/p>\n\n\n\n<figure class=\"wp-block-embed is-type-rich is-provider-twitter wp-block-embed-twitter\"><div class=\"wp-block-embed__wrapper\">\n<div class=\"twitter-tweet\"><blockquote class=\"twitter-tweet\" data-lang=\"es\"><p lang=\"es\" dir=\"ltr\"><a href=\"https:\/\/twitter.com\/hashtag\/ENVIVO?src=hash&amp;ref_src=twsrc%5Etfw\">#ENVIVO<\/a><br>San Dionisio Ocotepec, Oax., 15 de mayo de 2021.- Productores de la bebida tradicional respaldan este s\u00e1bado a delegados del Consejo Regulador del Mezcal (Comercam), en la asamblea para elegir al nuevo presidente del organismo.<br>Aqu\u00ed transmisi\u00f3n:<br>\ud83d\udc47<a href=\"https:\/\/t.co\/VJNlBDXoVF\">https:\/\/t.co\/VJNlBDXoVF<\/a> <a href=\"https:\/\/t.co\/W4Yb3aqLSP\">pic.twitter.com\/W4Yb3aqLSP<\/a><\/p>&mdash; Zona Roja Oaxaca (@Zona_Roja_Oax) <a href=\"https:\/\/twitter.com\/Zona_Roja_Oax\/status\/1393603094672465922?ref_src=twsrc%5Etfw\">15 de mayo de 2021<\/a><\/blockquote><\/div>\n<\/div><\/figure>\n\n\n\n<p>De manera particular, cuestionaron la ausencia de transparencia y rendici\u00f3n de cuentas por parte de Hip\u00f3crates Nolasco Cancino, quien se empe\u00f1ado en permanecer en el cargo e incluso realiz\u00f3 una asamblea ilegal la semana pasada para imponerse como dirigente de nueva cuenta.&nbsp;<\/p>\n\n\n\n<p>\u201cNo es justo que por nueve a\u00f1os una persona est\u00e9 al frente de un organismo que es de todos, que no es solamente de Juan y de Pedro sino de todos, por eso yo s\u00ed comento y recalc\u00f3 que debe de haber un cambio y cuentas claras\u201d, refiri\u00f3 uno de los mezcaleros.&nbsp;<\/p>\n\n\n\n<p>El mismo productor pidi\u00f3 que no se repita la historia y que la persona que llegue al frente pueda dignificar el Comercam y entregar cuentas claras, porque el mezcal es de todas y todos los productores.&nbsp;<\/p>\n\n\n\n<p>\u201cVamos a defender de una forma y a como d\u00e9 lugar nuestra actividad\u201d refiri\u00f3 otro. Mientras que uno m\u00e1s advirti\u00f3 que es mejor que Nolasco Cancino deje el puesto por las buenas, ya que tambi\u00e9n por las malas saben jugar, tal y como el hoy ex dirigente les ense\u00f1\u00f3 por medio del bloqueo de carreteras.&nbsp;&nbsp;&nbsp;<\/p>\n\n\n\n<p>Como una mayor\u00eda avasalladora, la votaci\u00f3n se pronunci\u00f3 a favor de Avelino Cohetero Villegas, quien alrededor de la una de la tarde y junto con la planilla \u00fanica, tom\u00f3 protesta como presidente del Consejo Mexicano Regulador de la Calidad del Mezcal (Comercam), por periodo 2021-2024.&nbsp;<\/p>\n\n\n\n<figure class=\"wp-block-embed is-type-rich is-provider-twitter wp-block-embed-twitter\"><div class=\"wp-block-embed__wrapper\">\n<div class=\"twitter-tweet\"><blockquote class=\"twitter-tweet\" data-lang=\"es\"><p lang=\"es\" dir=\"ltr\"><a href=\"https:\/\/twitter.com\/hashtag\/%C3%9AltimoMinuto?src=hash&amp;ref_src=twsrc%5Etfw\">#\u00daltimoMinuto<\/a> <br>En San Dionisio <a href=\"https:\/\/twitter.com\/hashtag\/Ocotepec?src=hash&amp;ref_src=twsrc%5Etfw\">#Ocotepec<\/a>, alrededor de 900 integrantes del Consejo Regulador del Mezcal eligen a Avelino Cohetero Villegas como nuevo presidente, en sustituci\u00f3n de <a href=\"https:\/\/twitter.com\/Hipocrates_NC?ref_src=twsrc%5Etfw\">@Hipocrates_NC<\/a>, a quien aprueban aplicar auditor\u00eda por cientos de millones de pesos no reportados. <a href=\"https:\/\/t.co\/Zk4CtKUI0m\">pic.twitter.com\/Zk4CtKUI0m<\/a><\/p>&mdash; Zona Roja Oaxaca (@Zona_Roja_Oax) <a href=\"https:\/\/twitter.com\/Zona_Roja_Oax\/status\/1393642219819708416?ref_src=twsrc%5Etfw\">15 de mayo de 2021<\/a><\/blockquote><\/div>\n<\/div><\/figure>\n\n\n\n<p>Avelino estar\u00e1 acompa\u00f1ado de Cirilo Hern\u00e1ndez Mart\u00ednez, Pedro M\u00e9ndez Jim\u00e9nez, Lucio Humberto Morales Garc\u00eda, Gerstenmaier, Ra\u00fal Cort\u00e9s Cort\u00e9s, Mario Lucas Garc\u00eda, V\u00edctor Manuel Lomel\u00ed Robles, como integrantes de la parte de la Mesa Directiva.&nbsp;<\/p>\n\n\n\n<p>Independientemente de la designaci\u00f3n de la nueva dirigencia, el pleno de la Asamblea General determin\u00f3 aplicar una auditoria a la gesti\u00f3n de Hip\u00f3crates Nolasco Cancino&nbsp; quien desde hace nueve a\u00f1os no reporta el ingreso, manejo y destino de los millones de pesos que se mueven al interior del consejo.<\/p>\n\n\n\n<p>As\u00ed mismo le pedir\u00e1n cuentas en torno a la Asamblea convocada la semana pasada en Tlacolula de Matamoros, en la cual no fueron convocados y se modificaron a modo los estatutos a fin de que, una vez m\u00e1s fuera electo Nolasco Cancino como representante de la Comercam.&nbsp;<\/p>\n","protected":false},"excerpt":{"rendered":"<p>Evlin Arag\u00f3n\/Zona Roja. Oaxaca de Ju\u00e1rez, Oax., 15 de mayo de 2021.- La rebeli\u00f3n de&hellip;<\/p>\n","protected":false},"author":2,"featured_media":27277,"comment_status":"closed","ping_status":"open","sticky":false,"template":"","format":"standard","meta":{"_lmt_disableupdate":"","_lmt_disable":"","_jetpack_memberships_contains_paid_content":false,"footnotes":""},"categories":[109,48],"tags":[2679,1815,2596],"class_list":["post-27276","post","type-post","status-publish","format-standard","has-post-thumbnail","hentry","category-minuto-a-minuto","category-zona-critica","tag-avelino-cohetero-villegas","tag-consejo-regulador-del-mezcal","tag-hipocrates-nolasco-cancino"],"jetpack_featured_media_url":"https:\/\/zonaroja.com.mx\/wp-content\/uploads\/2021\/05\/Asamblea-Comercam-San-Dionisio.jpg","jetpack_sharing_enabled":true,"_links":{"self":[{"href":"https:\/\/zonaroja.com.mx\/index.php?rest_route=\/wp\/v2\/posts\/27276","targetHints":{"allow":["GET"]}}],"collection":[{"href":"https:\/\/zonaroja.com.mx\/index.php?rest_route=\/wp\/v2\/posts"}],"about":[{"href":"https:\/\/zonaroja.com.mx\/index.php?rest_route=\/wp\/v2\/types\/post"}],"author":[{"embeddable":true,"href":"https:\/\/zonaroja.com.mx\/index.php?rest_route=\/wp\/v2\/users\/2"}],"replies":[{"embeddable":true,"href":"https:\/\/zonaroja.com.mx\/index.php?rest_route=%2Fwp%2Fv2%2Fcomments&post=27276"}],"version-history":[{"count":2,"href":"https:\/\/zonaroja.com.mx\/index.php?rest_route=\/wp\/v2\/posts\/27276\/revisions"}],"predecessor-version":[{"id":41441,"href":"https:\/\/zonaroja.com.mx\/index.php?rest_route=\/wp\/v2\/posts\/27276\/revisions\/41441"}],"wp:featuredmedia":[{"embeddable":true,"href":"https:\/\/zonaroja.com.mx\/index.php?rest_route=\/wp\/v2\/media\/27277"}],"wp:attachment":[{"href":"https:\/\/zonaroja.com.mx\/index.php?rest_route=%2Fwp%2Fv2%2Fmedia&parent=27276"}],"wp:term":[{"taxonomy":"category","embeddable":true,"href":"https:\/\/zonaroja.com.mx\/index.php?rest_route=%2Fwp%2Fv2%2Fcategories&post=27276"},{"taxonomy":"post_tag","embeddable":true,"href":"https:\/\/zonaroja.com.mx\/index.php?rest_route=%2Fwp%2Fv2%2Ftags&post=27276"}],"curies":[{"name":"wp","href":"https:\/\/api.w.org\/{rel}","templated":true}]}}