{"id":27279,"date":"2021-05-15T19:58:25","date_gmt":"2021-05-16T00:58:25","guid":{"rendered":"http:\/\/www.zonaroja.com.mx\/?p=27279"},"modified":"2021-05-15T19:58:28","modified_gmt":"2021-05-16T00:58:28","slug":"ataques-de-textitlan-dejan-45-casas-quemadas-y-200-desplazados-de-xochiltepec","status":"publish","type":"post","link":"https:\/\/zonaroja.com.mx\/?p=27279","title":{"rendered":"Ataques de Textitl\u00e1n dejan 45 casas quemadas y 200 desplazados de Xochiltepec"},"content":{"rendered":"\n<p>Ismael Garc\u00eda M.\/Zona Roja.<\/p>\n\n\n\n<p>Oaxaca de Ju\u00e1rez, Oax., 15 de mayo de 2021.- Ante la desatenci\u00f3n por parte de la Secretar\u00eda General de Gobierno (Segego) al conflicto en la regi\u00f3n Sierra Sur de Oaxaca, habitantes de R\u00edo Santiago, agencia de Santiago Textitl\u00e1n, arribaron a oficinas de Ciudad Administrativa del gobierno estatal.<\/p>\n\n\n\n<p>Ello para exigir reforzamiento de la seguridad y apoyos, pues al momento, desde el pasado 12 de mayo, suman unas 45 viviendas quemadas y m\u00e1s de 200 personas, que viven en la cocina comunitaria de Textitl\u00e1n.<\/p>\n\n\n\n<p>Los moradores de R\u00edo Santiago exigieron que el Gobierno del Estado atienda de manera integral la problem\u00e1tica, cuyos hechos violentos iniciaron el pasado 20 de diciembre, con el asesinato de dos personas y varias viviendas siniestradas.<\/p>\n\n\n\n<figure class=\"wp-block-embed-twitter wp-block-embed is-type-rich is-provider-twitter\"><div class=\"wp-block-embed__wrapper\">\n<div class=\"twitter-tweet\"><blockquote class=\"twitter-tweet\" data-lang=\"es\"><p lang=\"es\" dir=\"ltr\"><a href=\"https:\/\/twitter.com\/hashtag\/%C3%9AltimoMinuto?src=hash&amp;ref_src=twsrc%5Etfw\">#\u00daltimoMinuto<\/a> <br>Ante la nula atenci\u00f3n a la problem\u00e1tica de la Sierra Sur, por parte de la <a href=\"https:\/\/twitter.com\/SEGEGO_GobOax?ref_src=twsrc%5Etfw\">@SEGEGO_GobOax<\/a>, habitantes de R\u00edo Santiago, Santiago Xochiltepec, protestan este s\u00e1bado en oficinas de gobierno ubicadas en Ciudad Administrativa. <a href=\"https:\/\/t.co\/W4VoTZoCAX\">pic.twitter.com\/W4VoTZoCAX<\/a><\/p>&mdash; Zona Roja Oaxaca (@Zona_Roja_Oax) <a href=\"https:\/\/twitter.com\/Zona_Roja_Oax\/status\/1393702604597772292?ref_src=twsrc%5Etfw\">15 de mayo de 2021<\/a><\/blockquote><\/div>\n<\/div><\/figure>\n\n\n\n<p>El grupo de pobladores que protestaron desde el mediod\u00eda de este s\u00e1bado en Ciudad Administrativa, demand\u00f3 tambi\u00e9n una mesa de trabajo as\u00ed como la presencia en la zona de personal de la Defensor\u00eda de los Derechos Humanos del Pueblo de Oaxaca.<\/p>\n\n\n\n<p>\u201cYa pasaron m\u00e1s de cinco meses de los primeros hechos y creo que ahora ya no nos vamos a dejar pisotear m\u00e1s por ellos. Xochiltepec siempre dice que nosotros somos los responsables pero ellos son los que han atacado\u201d, expuso una mujer.<\/p>\n\n\n\n<p>Tras ello los manifestantes fueron recibidos en una mesa de di\u00e1logo con funcionarios de la Secretar\u00eda General de Gobierno, sin embargo, hasta el momento no hay soluci\u00f3n al respecto.<\/p>\n","protected":false},"excerpt":{"rendered":"<p>Ismael Garc\u00eda M.\/Zona Roja. Oaxaca de Ju\u00e1rez, Oax., 15 de mayo de 2021.- Ante la&hellip;<\/p>\n","protected":false},"author":2,"featured_media":27280,"comment_status":"closed","ping_status":"open","sticky":false,"template":"","format":"standard","meta":{"_lmt_disableupdate":"","_lmt_disable":"","_jetpack_memberships_contains_paid_content":false,"footnotes":""},"categories":[109,47],"tags":[2307],"class_list":["post-27279","post","type-post","status-publish","format-standard","has-post-thumbnail","hentry","category-minuto-a-minuto","category-zona-gris","tag-santiago-xochiltepec"],"jetpack_featured_media_url":"https:\/\/zonaroja.com.mx\/wp-content\/uploads\/2021\/05\/Desplazados-Rio-Santiago-Xochiltepec.jpg","jetpack_sharing_enabled":true,"_links":{"self":[{"href":"https:\/\/zonaroja.com.mx\/index.php?rest_route=\/wp\/v2\/posts\/27279","targetHints":{"allow":["GET"]}}],"collection":[{"href":"https:\/\/zonaroja.com.mx\/index.php?rest_route=\/wp\/v2\/posts"}],"about":[{"href":"https:\/\/zonaroja.com.mx\/index.php?rest_route=\/wp\/v2\/types\/post"}],"author":[{"embeddable":true,"href":"https:\/\/zonaroja.com.mx\/index.php?rest_route=\/wp\/v2\/users\/2"}],"replies":[{"embeddable":true,"href":"https:\/\/zonaroja.com.mx\/index.php?rest_route=%2Fwp%2Fv2%2Fcomments&post=27279"}],"version-history":[{"count":1,"href":"https:\/\/zonaroja.com.mx\/index.php?rest_route=\/wp\/v2\/posts\/27279\/revisions"}],"predecessor-version":[{"id":27281,"href":"https:\/\/zonaroja.com.mx\/index.php?rest_route=\/wp\/v2\/posts\/27279\/revisions\/27281"}],"wp:featuredmedia":[{"embeddable":true,"href":"https:\/\/zonaroja.com.mx\/index.php?rest_route=\/wp\/v2\/media\/27280"}],"wp:attachment":[{"href":"https:\/\/zonaroja.com.mx\/index.php?rest_route=%2Fwp%2Fv2%2Fmedia&parent=27279"}],"wp:term":[{"taxonomy":"category","embeddable":true,"href":"https:\/\/zonaroja.com.mx\/index.php?rest_route=%2Fwp%2Fv2%2Fcategories&post=27279"},{"taxonomy":"post_tag","embeddable":true,"href":"https:\/\/zonaroja.com.mx\/index.php?rest_route=%2Fwp%2Fv2%2Ftags&post=27279"}],"curies":[{"name":"wp","href":"https:\/\/api.w.org\/{rel}","templated":true}]}}