{"id":2728,"date":"2019-08-01T22:24:11","date_gmt":"2019-08-02T03:24:11","guid":{"rendered":"http:\/\/www.zonaroja.com.mx\/?p=2728"},"modified":"2019-08-01T22:24:13","modified_gmt":"2019-08-02T03:24:13","slug":"sigue-violencia-en-la-capital-oaxaquena-cambian-mando-en-seguridad","status":"publish","type":"post","link":"https:\/\/zonaroja.com.mx\/?p=2728","title":{"rendered":"Sigue violencia en la capital oaxaque\u00f1a; cambian mando en seguridad"},"content":{"rendered":"\n<p>Redacci\u00f3n<\/p>\n\n\n\n<p>Oaxaca de\nJu\u00e1rez, Oax., 1 de agosto de 2019.- La violencia continu\u00f3 este jueves en la\nciudad de Oaxaca, con una persona baleada en un parque p\u00fablico, y m\u00e1s asaltos\ncometidos por un solitario individuo.<\/p>\n\n\n\n<p>Tras ello, la\nnoche de este jueves, el ayuntamiento capitalino dio a conocer un cambio en la Direcci\u00f3n\nde Seguridad P\u00fablica, Vialidad y Protecci\u00f3n Ciudadana.<\/p>\n\n\n\n<p>Alrededor de\nlas 10:00 horas de hoy, en el acceso al parque \u201cLuis Donaldo Colosio\u201d de la\nagencia de San Felipe del Agua &#8211;donde diversos pol\u00edticos, funcionarios y\nempresarios tienen su residencia&#8211; fue atacado a balazos un individuo.<\/p>\n\n\n\n<p>Se trata de\nJonathan Jim\u00e9nez Santos, de aproximadamente 35 a\u00f1os de edad y de oficio\nentrenador, quien recibi\u00f3 dos disparos de arma de fuego en el pecho y dos m\u00e1s\nen las piernas, cuando se dispon\u00eda a abordar su veh\u00edculo.<\/p>\n\n\n\n<p>El agresor\nse dio a la fuga de inmediato y hasta esta noche no ha sido detenido ni las\nautoridades han dado a conocer si lo tienen localizado.<\/p>\n\n\n\n<p>Por otra\nparte, a trav\u00e9s de redes sociales se difundieron nuevos videos acerca de un\nsolitario individuo que asalta comercios en el centro de la ciudad de Oaxaca.<\/p>\n\n\n\n<p>Se trata del\nmismo joven que ayer atrac\u00f3 un negocio de venta de art\u00edculos de piel, en la\ncalle 20 de Noviembre, a cuadra y media del z\u00f3calo, en el Centro Hist\u00f3rico. En\nlas im\u00e1genes recientes, se aprecia que acude con la misma ropa a una paleter\u00eda,\ny en otro, a un tendaj\u00f3n, donde pide todo el dinero a la encargada del\nestablecimiento.<\/p>\n\n\n\n<p>EL CAMBIO<\/p>\n\n\n\n<p>Mientras\ntanto, en un comunicado, el ayuntamiento capitalino dio a conocer el\nnombramiento de Marcos Fredy Hern\u00e1ndez L\u00f3pez como subdirector de Proximidad\nSocial, en relevo de Francisco Santiago Jos\u00e9.<\/p>\n\n\n\n<p>El nuevo\nfuncionario es maestro en Derecho Procesal Penal por el Centro de Estudios de\nPosgrado campus Tampico (CEP) y Diplomado en Mando Policial por la Secretar\u00eda\nde Gobernaci\u00f3n en coordinaci\u00f3n con el Centro de Investigaci\u00f3n y Docencias\nEcon\u00f3micas (CIDE).<\/p>\n\n\n\n<p>En la\nSecretar\u00eda de Seguridad P\u00fablica de Oaxaca (SSPO) se desempe\u00f1\u00f3 como Director de\nInvestigaci\u00f3n de Gabinete, Director de Tr\u00e1nsito y Director General de la\nPolic\u00eda Vial del 2014 al 2016.<\/p>\n\n\n\n<p>TAMBI\u00c9N EN\nISTMO<\/p>\n\n\n\n<p>Por otra\nparte, durante la madrugada de este jueves, fue robada una caja fuerte de\nTelecomm-Tel\u00e9grafos, en Uni\u00f3n Hidalgo, municipio de la regi\u00f3n del Istmo,\ncolindante con Juchit\u00e1n de Zaragoza.<\/p>\n\n\n\n<p>Fueron al menos dos sujetos armados que ingresaron a las instalaciones de la empresa p\u00fablica, ubicada en la calle Nemesio C. Renter\u00eda, en el centro de la poblaci\u00f3n, donde sustrajeron la caja fuerte, con el apoyo de equipos y un veh\u00edculo de motor, tras lo cual huyeron.<\/p>\n\n\n\n<p><\/p>\n","protected":false},"excerpt":{"rendered":"<p>Redacci\u00f3n Oaxaca de Ju\u00e1rez, Oax., 1 de agosto de 2019.- La violencia continu\u00f3 este jueves&hellip;<\/p>\n","protected":false},"author":2,"featured_media":2729,"comment_status":"closed","ping_status":"open","sticky":false,"template":"","format":"standard","meta":{"_lmt_disableupdate":"","_lmt_disable":"","_jetpack_memberships_contains_paid_content":false,"footnotes":""},"categories":[109,51],"tags":[453],"class_list":["post-2728","post","type-post","status-publish","format-standard","has-post-thumbnail","hentry","category-minuto-a-minuto","category-zona-roja","tag-asaltos-en-la-ciudad-de-oaxaca-y-cambios-en-seguridad-municipal"],"jetpack_featured_media_url":"https:\/\/zonaroja.com.mx\/wp-content\/uploads\/2019\/08\/61f414d1-d50f-448c-bb6f-9a59c265b237.jpg","jetpack_sharing_enabled":true,"_links":{"self":[{"href":"https:\/\/zonaroja.com.mx\/index.php?rest_route=\/wp\/v2\/posts\/2728","targetHints":{"allow":["GET"]}}],"collection":[{"href":"https:\/\/zonaroja.com.mx\/index.php?rest_route=\/wp\/v2\/posts"}],"about":[{"href":"https:\/\/zonaroja.com.mx\/index.php?rest_route=\/wp\/v2\/types\/post"}],"author":[{"embeddable":true,"href":"https:\/\/zonaroja.com.mx\/index.php?rest_route=\/wp\/v2\/users\/2"}],"replies":[{"embeddable":true,"href":"https:\/\/zonaroja.com.mx\/index.php?rest_route=%2Fwp%2Fv2%2Fcomments&post=2728"}],"version-history":[{"count":1,"href":"https:\/\/zonaroja.com.mx\/index.php?rest_route=\/wp\/v2\/posts\/2728\/revisions"}],"predecessor-version":[{"id":2730,"href":"https:\/\/zonaroja.com.mx\/index.php?rest_route=\/wp\/v2\/posts\/2728\/revisions\/2730"}],"wp:featuredmedia":[{"embeddable":true,"href":"https:\/\/zonaroja.com.mx\/index.php?rest_route=\/wp\/v2\/media\/2729"}],"wp:attachment":[{"href":"https:\/\/zonaroja.com.mx\/index.php?rest_route=%2Fwp%2Fv2%2Fmedia&parent=2728"}],"wp:term":[{"taxonomy":"category","embeddable":true,"href":"https:\/\/zonaroja.com.mx\/index.php?rest_route=%2Fwp%2Fv2%2Fcategories&post=2728"},{"taxonomy":"post_tag","embeddable":true,"href":"https:\/\/zonaroja.com.mx\/index.php?rest_route=%2Fwp%2Fv2%2Ftags&post=2728"}],"curies":[{"name":"wp","href":"https:\/\/api.w.org\/{rel}","templated":true}]}}