{"id":27282,"date":"2021-05-15T20:14:03","date_gmt":"2021-05-16T01:14:03","guid":{"rendered":"http:\/\/www.zonaroja.com.mx\/?p=27282"},"modified":"2021-05-15T20:14:06","modified_gmt":"2021-05-16T01:14:06","slug":"quitan-ieepco-a-candidata-a-diputada-de-va-por-oaxaca-en-distrito-xiv","status":"publish","type":"post","link":"https:\/\/zonaroja.com.mx\/?p=27282","title":{"rendered":"Quitan IEEPCO a candidata a diputada de \u201cVa por Oaxaca\u201d en distrito XIV"},"content":{"rendered":"\n<p>Redacci\u00f3n\/Zona Roja.<\/p>\n\n\n\n<p>Oaxaca de Ju\u00e1rez, Oax., 15 de mayo de 2021.- El Consejo General del Instituto Estatal Electoral y de Participaci\u00f3n Ciudadana de Oaxaca (IEEPCO) consider\u00f3 no procedente el registro de Ver\u00f3nica Delia L\u00f3pez Rivera, como candidata a diputada por el principio de mayor\u00eda relativa en el XIV distrito electoral local con cabecera en Oaxaca de Ju\u00e1rez (Zona Norte).<\/p>\n\n\n\n<p>Lo anterior, al analizar que la coalici\u00f3n \u201cVa por Oaxaca\u201d dej\u00f3 de cumplir con la cuota de una f\u00f3rmula de personas j\u00f3venes que est\u00e1n obligados a postular en la elecci\u00f3n de diputaciones por el principio de mayor\u00eda relativa.<\/p>\n\n\n\n<p>Y luego de que el Tribunal Electoral del Estado de Oaxaca (TEEO) revocar\u00e1 el acuerdo IEEPCO-CG-45\/2021, en lo referente a la aprobaci\u00f3n del registro de Giovana Anah\u00ed Moreno Reyes y Claudia Jimena Gris Boijseauneau o Mar\u00eda Jos\u00e9 Gris Boijseauneau, como candidatas en dicho distrito electoral.<\/p>\n\n\n\n<p>En ese sentido, la sentencia del TEEO orden\u00f3 al Consejo General del Instituto que, dentro del plazo de veinticuatro horas, realizara el pronunciamiento respecto a la solicitud de registro de candidatura de L\u00f3pez Rivera.<\/p>\n\n\n\n<p>Por lo que, al analizar lo ordenado por el TEEO, las consejeras y consejeros electorales consideraron que no es procedente el registro de Ver\u00f3nica Delia L\u00f3pez Rivera, como candidata a diputada por el principio de mayor\u00eda relativa en el XIV distrito electoral local con cabecera en Oaxaca de Ju\u00e1rez (Zona Norte).<\/p>\n\n\n\n<p>Lo anterior, ya que conforme al lineamiento de paridad, si el registro procediera, la coalici\u00f3n dejar\u00eda de cumplir con la cuota de una f\u00f3rmula de personas j\u00f3venes que est\u00e1n obligados a postular en la elecci\u00f3n de diputaciones.<\/p>\n\n\n\n<p>Esto es as\u00ed, puesto que del acuerdo IEEPCO-CG-45\/2021, se desprende que la f\u00f3rmula de candidatas a diputadas por el principio de mayor\u00eda relativa, que fue registrada por la Coalici\u00f3n \u201cVa por Oaxaca\u201d en el XIV distrito electoral local, representa la f\u00f3rmula de postulaci\u00f3n de personas j\u00f3venes.<\/p>\n\n\n\n<p>En ese sentido, el IEEPCO requiri\u00f3 a la coalici\u00f3n \u201cVa por Oaxaca\u201d para que dentro del plazo doce horas contadas a partir de la aprobaci\u00f3n del presente acuerdo, presente la solicitud de registro correspondientes para que complete una f\u00f3rmula de mujeres j\u00f3venes en el XIV distrito electoral local.<\/p>\n","protected":false},"excerpt":{"rendered":"<p>Redacci\u00f3n\/Zona Roja. Oaxaca de Ju\u00e1rez, Oax., 15 de mayo de 2021.- El Consejo General del&hellip;<\/p>\n","protected":false},"author":2,"featured_media":27283,"comment_status":"closed","ping_status":"open","sticky":false,"template":"","format":"standard","meta":{"_lmt_disableupdate":"","_lmt_disable":"","_jetpack_memberships_contains_paid_content":false,"footnotes":""},"categories":[109,47],"tags":[2680],"class_list":["post-27282","post","type-post","status-publish","format-standard","has-post-thumbnail","hentry","category-minuto-a-minuto","category-zona-gris","tag-veronica-lopez-rivera"],"jetpack_featured_media_url":"https:\/\/zonaroja.com.mx\/wp-content\/uploads\/2021\/05\/Veronica.jpeg","jetpack_sharing_enabled":true,"_links":{"self":[{"href":"https:\/\/zonaroja.com.mx\/index.php?rest_route=\/wp\/v2\/posts\/27282","targetHints":{"allow":["GET"]}}],"collection":[{"href":"https:\/\/zonaroja.com.mx\/index.php?rest_route=\/wp\/v2\/posts"}],"about":[{"href":"https:\/\/zonaroja.com.mx\/index.php?rest_route=\/wp\/v2\/types\/post"}],"author":[{"embeddable":true,"href":"https:\/\/zonaroja.com.mx\/index.php?rest_route=\/wp\/v2\/users\/2"}],"replies":[{"embeddable":true,"href":"https:\/\/zonaroja.com.mx\/index.php?rest_route=%2Fwp%2Fv2%2Fcomments&post=27282"}],"version-history":[{"count":1,"href":"https:\/\/zonaroja.com.mx\/index.php?rest_route=\/wp\/v2\/posts\/27282\/revisions"}],"predecessor-version":[{"id":27284,"href":"https:\/\/zonaroja.com.mx\/index.php?rest_route=\/wp\/v2\/posts\/27282\/revisions\/27284"}],"wp:featuredmedia":[{"embeddable":true,"href":"https:\/\/zonaroja.com.mx\/index.php?rest_route=\/wp\/v2\/media\/27283"}],"wp:attachment":[{"href":"https:\/\/zonaroja.com.mx\/index.php?rest_route=%2Fwp%2Fv2%2Fmedia&parent=27282"}],"wp:term":[{"taxonomy":"category","embeddable":true,"href":"https:\/\/zonaroja.com.mx\/index.php?rest_route=%2Fwp%2Fv2%2Fcategories&post=27282"},{"taxonomy":"post_tag","embeddable":true,"href":"https:\/\/zonaroja.com.mx\/index.php?rest_route=%2Fwp%2Fv2%2Ftags&post=27282"}],"curies":[{"name":"wp","href":"https:\/\/api.w.org\/{rel}","templated":true}]}}