{"id":27310,"date":"2021-05-16T15:52:23","date_gmt":"2021-05-16T20:52:23","guid":{"rendered":"http:\/\/www.zonaroja.com.mx\/?p=27310"},"modified":"2021-05-16T15:52:26","modified_gmt":"2021-05-16T20:52:26","slug":"a-tres-ano-de-feminicidio-impune-lanzan-campana-justicia-para-sol-es-justicia-para-todas","status":"publish","type":"post","link":"https:\/\/zonaroja.com.mx\/?p=27310","title":{"rendered":"A tres a\u00f1o de feminicidio impune, lanzan campa\u00f1a \u201cJusticia Para Sol es Justicia para Todas\u201d"},"content":{"rendered":"\n<p>Redacci\u00f3n\/Zona Roja.<\/p>\n\n\n\n<p>Oaxaca de Ju\u00e1rez, Oax., 16 de mayo del 2021.- Feministas, defensoras de derechos humanos, activistas y organizaciones de la sociedad civil continuar\u00e1n exigiendo justicia para Mar\u00eda del Sol Cruz Jarqu\u00edn, a casi tres a\u00f1os de su feminicidio, ocurrido el pasado 2 de junio del 2018.<\/p>\n\n\n\n<p>La joven fotoperiodista que trabajaba como jefa del departamento de Comunicaci\u00f3n Ind\u00edgena Interculturalde la Secretar\u00eda de Asuntos Ind\u00edgenas (SAI) fue asesinada con arma de fuego de alto calibre en la ciudad de Juchit\u00e1n de Zaragoza, junto a Pamela Ter\u00e1n Pineda y Adelfo Guerra Jim\u00e9nez.<\/p>\n\n\n\n<p>Ter\u00e1n era candidata a la sindicatura de ese municipio en la planilla del PRI-PAN-PVEM.<\/p>\n\n\n\n<p>En contra de su voluntad, Mar\u00eda del Sol fue enviada a Juchit\u00e1n de Zaragoza, ubicada en la regi\u00f3n del Istmo, para apoyar la cobertura medi\u00e1tica y realizar actividades diversas en la campa\u00f1a del candidato Hageo Montero L\u00f3pez, hermano del titular de la Secretar\u00eda de Asuntos Ind\u00edgenas, Francisco Javier Montero L\u00f3pez.<\/p>\n\n\n\n<p>A trav\u00e9s de un video difundido en redes sociales, la periodista Soledad Jarquin Edgar, madre de Mar\u00eda del Sol, convoca a la sociedad a sumarse a esta campa\u00f1a que lleva por t\u00edtulo \u201cJusticia para Sol es Justicia para todas\u201d<\/p>\n\n\n\n<p>\u201cHan sido tres a\u00f1os de enfrentarme a una serie de obst\u00e1culos para acceder a la justicia, tres a\u00f1os de impunidad y tres a\u00f1os de corrupci\u00f3n por parte de Rub\u00e9n Vasconcelos, ex fiscal General de Oaxaca, para quien estamos exigiendo c\u00e1rcel.<\/p>\n\n\n\n<p>\u201cA la fecha s\u00f3lo hay una persona detenida, pero han dilatado las audiencias, ha sido un peregrinar que muchas mujeres, madres al igual que yo, tienen que pasar para buscar justicia por nuestras hijas\u201d, se\u00f1al\u00f3 Jarquin Edgar.<\/p>\n\n\n\n<p>La campa\u00f1a tendr\u00e1 un formato virtual principalmente y entre las actividades presenciales habr\u00e1 una exposici\u00f3n fotogr\u00e1fica, una actividad art\u00edstica de intervenci\u00f3n en el espacio p\u00fablico, la realizaci\u00f3n de un mural y la conferencia de prensa que se llevar\u00e1 el&nbsp; pr\u00f3ximo 2 de junio d\u00f3nde participar\u00e1n madres de v\u00edctimas de feminicidio.<\/p>\n\n\n\n<p>Para sumarse a esta iniciativa, piden colocar en sus redes sociales un video o fotograf\u00eda con la etiqueta #JusticiaParaSol \u00a1EsJusticiaParaTodas! y compartir la informaci\u00f3n que se difundir\u00e1.<\/p>\n\n\n\n<p>Entre las organizaciones que difunden la campa\u00f1a se encuentran el Observatorio Ciudadano Nacional del Feminicidio, Consorcio para el Di\u00e1logo Parlamentario y la Equidad Oaxaca, el Grupo de Estudios \u201cRosario Castellanos\u201d, el Colectivo Mujer Nueva, Servicio Especial de la Mujer (Semmexico), la Liga Mexicana por la Defensa de los Derechos Humanos Oaxaca&nbsp; y el Consejo Ciudadano de Formaci\u00f3n y Cultura Autogestiva A.C.<\/p>\n","protected":false},"excerpt":{"rendered":"<p>Redacci\u00f3n\/Zona Roja. Oaxaca de Ju\u00e1rez, Oax., 16 de mayo del 2021.- Feministas, defensoras de derechos&hellip;<\/p>\n","protected":false},"author":2,"featured_media":13200,"comment_status":"closed","ping_status":"open","sticky":false,"template":"","format":"standard","meta":{"_lmt_disableupdate":"","_lmt_disable":"","_jetpack_memberships_contains_paid_content":false,"footnotes":""},"categories":[109,47],"tags":[1059],"class_list":["post-27310","post","type-post","status-publish","format-standard","has-post-thumbnail","hentry","category-minuto-a-minuto","category-zona-gris","tag-maria-del-sol-cruz-jarquin"],"jetpack_featured_media_url":"https:\/\/zonaroja.com.mx\/wp-content\/uploads\/2020\/06\/Soledad-Jarqu\u00edn-2.png","jetpack_sharing_enabled":true,"_links":{"self":[{"href":"https:\/\/zonaroja.com.mx\/index.php?rest_route=\/wp\/v2\/posts\/27310","targetHints":{"allow":["GET"]}}],"collection":[{"href":"https:\/\/zonaroja.com.mx\/index.php?rest_route=\/wp\/v2\/posts"}],"about":[{"href":"https:\/\/zonaroja.com.mx\/index.php?rest_route=\/wp\/v2\/types\/post"}],"author":[{"embeddable":true,"href":"https:\/\/zonaroja.com.mx\/index.php?rest_route=\/wp\/v2\/users\/2"}],"replies":[{"embeddable":true,"href":"https:\/\/zonaroja.com.mx\/index.php?rest_route=%2Fwp%2Fv2%2Fcomments&post=27310"}],"version-history":[{"count":1,"href":"https:\/\/zonaroja.com.mx\/index.php?rest_route=\/wp\/v2\/posts\/27310\/revisions"}],"predecessor-version":[{"id":27311,"href":"https:\/\/zonaroja.com.mx\/index.php?rest_route=\/wp\/v2\/posts\/27310\/revisions\/27311"}],"wp:featuredmedia":[{"embeddable":true,"href":"https:\/\/zonaroja.com.mx\/index.php?rest_route=\/wp\/v2\/media\/13200"}],"wp:attachment":[{"href":"https:\/\/zonaroja.com.mx\/index.php?rest_route=%2Fwp%2Fv2%2Fmedia&parent=27310"}],"wp:term":[{"taxonomy":"category","embeddable":true,"href":"https:\/\/zonaroja.com.mx\/index.php?rest_route=%2Fwp%2Fv2%2Fcategories&post=27310"},{"taxonomy":"post_tag","embeddable":true,"href":"https:\/\/zonaroja.com.mx\/index.php?rest_route=%2Fwp%2Fv2%2Ftags&post=27310"}],"curies":[{"name":"wp","href":"https:\/\/api.w.org\/{rel}","templated":true}]}}