{"id":27312,"date":"2021-05-16T20:02:09","date_gmt":"2021-05-17T01:02:09","guid":{"rendered":"http:\/\/www.zonaroja.com.mx\/?p=27312"},"modified":"2021-05-16T20:02:14","modified_gmt":"2021-05-17T01:02:14","slug":"estamos-con-el-candidato-ganador-dice-el-pan-sobre-javier-villacana","status":"publish","type":"post","link":"https:\/\/zonaroja.com.mx\/?p=27312","title":{"rendered":"\u201cEstamos con el candidato ganador\u201d, dice el PAN sobre Javier Villaca\u00f1a"},"content":{"rendered":"\n<p>Redacci\u00f3n\/Zona Roja.<\/p>\n\n\n\n<p>Oaxaca, Oax., 16 de mayo de 2021.- \u201cSin duda alguna estamos con el candidato ganador. Abanderamos a Javier Villaca\u00f1a y con \u00e9l vamos al triunfo\u201d, asegur\u00f3 el coordinador de la Mesa Pol\u00edtica del Comit\u00e9 Directivo Estatal del Partido Acci\u00f3n Nacional, Juan Iv\u00e1n Mendoza Reyes, durante un brigadeo de promoci\u00f3n del voto con j\u00f3venes militantes del blanquiazul.<\/p>\n\n\n\n<p>Entre porras y algarab\u00eda que invadieron la calle de Manuel Ruiz; Villaca\u00f1a Jim\u00e9nez sinti\u00f3 el respaldo de las militancia de Acci\u00f3n Nacional, quienes han hecho suyos los compromisos de su candidato para recuperar el esplendor de la capital oaxaque\u00f1a y devolver la calidad de vida a las familias.<\/p>\n\n\n\n<p>Acompa\u00f1ado de los panistas que integran la planilla, Mirna L\u00f3pez Torres, \u00c1ngel Moreno Est\u00e9vez y Alejandro Facio Mart\u00ednez; el candidato com\u00fan de los partidos PRI, PRD y Acci\u00f3n Nacional, Javier Villaca\u00f1a Jim\u00e9nez invit\u00f3 a la ciudadan\u00eda que transitaba por la zona a votar por la opci\u00f3n que representan estos partidos.<\/p>\n\n\n\n<p>GANAR LA CALLE<\/p>\n\n\n\n<p>En tanto, Juan Iv\u00e1n Mendoza Reyes se\u00f1al\u00f3 que la militancia de Acci\u00f3n Nacional\u00a0 est\u00e1 saliendo a ganar la calle, recorriendo todos los cruceros de la ciudad y las colonias como lo saben hacer los panistas, con mucha alegr\u00eda para convertir esta campa\u00f1a en una fiesta democr\u00e1tica.<\/p>\n\n\n\n<figure class=\"wp-block-embed-twitter wp-block-embed is-type-rich is-provider-twitter\"><div class=\"wp-block-embed__wrapper\">\n<div class=\"twitter-tweet\"><blockquote class=\"twitter-tweet\" data-lang=\"es\"><p lang=\"es\" dir=\"ltr\">Este s\u00e1bado y al efectuar labores de brigadeo, la dirigencia del <a href=\"https:\/\/twitter.com\/PANOaxaca?ref_src=twsrc%5Etfw\">@PANOaxaca<\/a>, representada por Juan Mendoza Reyes, reiter\u00f3 todo su apoyo a <a href=\"https:\/\/twitter.com\/JavierVillacana?ref_src=twsrc%5Etfw\">@JavierVillacana<\/a>, candidato a edil de <a href=\"https:\/\/twitter.com\/hashtag\/Oaxaca?src=hash&amp;ref_src=twsrc%5Etfw\">#Oaxaca<\/a> de Ju\u00e1rez. <a href=\"https:\/\/t.co\/1mekMW7RmL\">pic.twitter.com\/1mekMW7RmL<\/a><\/p>&mdash; Zona Roja Oaxaca (@Zona_Roja_Oax) <a href=\"https:\/\/twitter.com\/Zona_Roja_Oax\/status\/1393746163665448965?ref_src=twsrc%5Etfw\">16 de mayo de 2021<\/a><\/blockquote><\/div>\n<\/div><\/figure>\n\n\n\n<p>Arropado por el sector juvenil del PAN, afirm\u00f3 que el panismo de la capital va con Javier Villaca\u00f1a porque lo considera la persona id\u00f3nea para lograr cambios en la ciudad de Oaxaca, capaz de cumplirles a los ciudadanos y cambiar el rostro de la ciudad.<\/p>\n\n\n\n<p>&nbsp;\u201cLa gente est\u00e1 cansada del abandono de la ciudad, de la falta de servicios b\u00e1sicos y la inseguridad que prevalece, por eso el \u00e9xito de tu campa\u00f1a, por eso vas a ganar porque hoy la ciudadan\u00eda quiere a&nbsp; Javier Villaca\u00f1a&nbsp; en la presidencia municipal\u201d, asegur\u00f3.<\/p>\n\n\n\n<p>GOBIERNO PLURAL<\/p>\n\n\n\n<p>Tras agradecer el respaldo y confianza de la militancia del Partido Acci\u00f3n Nacional, Javier Villaca\u00f1a Jim\u00e9nez, reiter\u00f3 su propuesta de construir un gobierno plural que brinde respuestas y soluciones a las familias oaxaque\u00f1as.<\/p>\n\n\n\n<p>Como parte de su campa\u00f1a a pie, Javier Villaca\u00f1a Jim\u00e9nez&nbsp; e integrantes de su planilla caminaron calles del Centro Hist\u00f3rico y el barrio \u00abLa China\u00bb, donde pudieron platicar con vecinos y vecinas, compartiendo sus principales compromisos y convocando a formar parte de este esfuerzo que recuperar\u00e1 la tranquilidad y esplendor del primer cuadro de la ciudad.<\/p>\n\n\n\n<p>Tambi\u00e9n, el candidato a presidente municipal&nbsp; de Oaxaca de Ju\u00e1rez convivi\u00f3 con locatarios, locatarias y comerciantes del mercado IV Centenario -uno de los m\u00e1s tradicionales de la ciudad- donde reiter\u00f3&nbsp; su compromiso de dar mayor competitividad y despuntar estos espacios, a trav\u00e9s de modificaciones al marco legal y mejoras a las instalaciones.<\/p>\n\n\n\n<p>En este encuentro, el abanderado del PRI, PAN y PRD\u00a0 destac\u00f3\u00a0 que su proyecto de gobierno busca engrandecer las tradiciones de estos centros comerciales e impulsar la econom\u00eda de las familias que expenden sus productos, recordando lo que hizo hace 7 a\u00f1os con la remodelaci\u00f3n y modernizaci\u00f3n de diversos centros de abasto popular.<\/p>\n\n\n\n<figure class=\"wp-block-embed-twitter wp-block-embed is-type-rich is-provider-twitter\"><div class=\"wp-block-embed__wrapper\">\n<div class=\"twitter-tweet\"><blockquote class=\"twitter-tweet\" data-lang=\"es\"><p lang=\"es\" dir=\"ltr\"><a href=\"https:\/\/twitter.com\/hashtag\/%C3%9AltimoMinuto?src=hash&amp;ref_src=twsrc%5Etfw\">#\u00daltimoMinuto<\/a> <br>El equipo de campa\u00f1a de <a href=\"https:\/\/twitter.com\/JavierVillacana?ref_src=twsrc%5Etfw\">@JavierVillacana<\/a> reporta que cada vez m\u00e1s capitalinos se suman al abanderado de \u201cVamos por <a href=\"https:\/\/twitter.com\/hashtag\/Oaxaca?src=hash&amp;ref_src=twsrc%5Etfw\">#Oaxaca<\/a>\u201d a la presidencia municipal de la ciudad; el triunfo el 6 de junio es inminente, aseguran. <a href=\"https:\/\/t.co\/i7PcfrX7MP\">pic.twitter.com\/i7PcfrX7MP<\/a><\/p>&mdash; Zona Roja Oaxaca (@Zona_Roja_Oax) <a href=\"https:\/\/twitter.com\/Zona_Roja_Oax\/status\/1394031021931352067?ref_src=twsrc%5Etfw\">16 de mayo de 2021<\/a><\/blockquote><\/div>\n<\/div><\/figure>\n\n\n\n<p>Luego de recorrer los diferentes puestos, junto a la candidata a diputada local, Giovanna Moreno e integrantes de la planilla; Javier Villaca\u00f1a Jim\u00e9nez&nbsp; record\u00f3&nbsp; con mercaderes momentos agradables de sus visitas, concluyendo con c\u00e1lidas palabras de apoyo y respaldo para el 6 de junio.<\/p>\n\n\n\n<p>\u00abCandidato cuenta conmigo porque ya queremos que vuelva lo bueno para Oaxaca\u00bb, dijo Jorge Mata, uno de los locatarios, al aspirante por el PRI, PAN y PRD a la presidencia municipal, quien sigue dando muestra de su convicci\u00f3n por el rescate de la grandeza de la capital.<\/p>\n\n\n\n<p>Luego de culminar su recorrido por los pasillos del IV Centenario, Villaca\u00f1a Jim\u00e9nez continu\u00f3 en la calle Panor\u00e1mica del Fort\u00edn donde casa por casa, difundi\u00f3 sus principales propuestas de las 70 que ha hecho con la sociedad oaxaque\u00f1a, asimismo se comprometi\u00f3 a atender sus problem\u00e1ticas una vez ganando los comicios.<\/p>\n\n\n\n<p>Asimismo, este domingo el abanderado del PRI, PAN y PRD se reuni\u00f3 con j\u00f3venes empresarios, artistas y deportistas, ante quienes refrend\u00f3 su compromiso de impulsar mayores y mejores oportunidades de crecimiento para la juventud, fomentando y creando espacios institucionales que coadyuven a potenciar su talento.<\/p>\n","protected":false},"excerpt":{"rendered":"<p>Redacci\u00f3n\/Zona Roja. Oaxaca, Oax., 16 de mayo de 2021.- \u201cSin duda alguna estamos con el&hellip;<\/p>\n","protected":false},"author":2,"featured_media":27313,"comment_status":"closed","ping_status":"open","sticky":false,"template":"","format":"standard","meta":{"_lmt_disableupdate":"","_lmt_disable":"","_jetpack_memberships_contains_paid_content":false,"footnotes":""},"categories":[109,46],"tags":[2456],"class_list":["post-27312","post","type-post","status-publish","format-standard","has-post-thumbnail","hentry","category-minuto-a-minuto","category-zona-blanca","tag-javier-villacana-jimenez"],"jetpack_featured_media_url":"https:\/\/zonaroja.com.mx\/wp-content\/uploads\/2021\/05\/16May-Brigadeo-PAN.jpeg","jetpack_sharing_enabled":true,"_links":{"self":[{"href":"https:\/\/zonaroja.com.mx\/index.php?rest_route=\/wp\/v2\/posts\/27312","targetHints":{"allow":["GET"]}}],"collection":[{"href":"https:\/\/zonaroja.com.mx\/index.php?rest_route=\/wp\/v2\/posts"}],"about":[{"href":"https:\/\/zonaroja.com.mx\/index.php?rest_route=\/wp\/v2\/types\/post"}],"author":[{"embeddable":true,"href":"https:\/\/zonaroja.com.mx\/index.php?rest_route=\/wp\/v2\/users\/2"}],"replies":[{"embeddable":true,"href":"https:\/\/zonaroja.com.mx\/index.php?rest_route=%2Fwp%2Fv2%2Fcomments&post=27312"}],"version-history":[{"count":1,"href":"https:\/\/zonaroja.com.mx\/index.php?rest_route=\/wp\/v2\/posts\/27312\/revisions"}],"predecessor-version":[{"id":27314,"href":"https:\/\/zonaroja.com.mx\/index.php?rest_route=\/wp\/v2\/posts\/27312\/revisions\/27314"}],"wp:featuredmedia":[{"embeddable":true,"href":"https:\/\/zonaroja.com.mx\/index.php?rest_route=\/wp\/v2\/media\/27313"}],"wp:attachment":[{"href":"https:\/\/zonaroja.com.mx\/index.php?rest_route=%2Fwp%2Fv2%2Fmedia&parent=27312"}],"wp:term":[{"taxonomy":"category","embeddable":true,"href":"https:\/\/zonaroja.com.mx\/index.php?rest_route=%2Fwp%2Fv2%2Fcategories&post=27312"},{"taxonomy":"post_tag","embeddable":true,"href":"https:\/\/zonaroja.com.mx\/index.php?rest_route=%2Fwp%2Fv2%2Ftags&post=27312"}],"curies":[{"name":"wp","href":"https:\/\/api.w.org\/{rel}","templated":true}]}}