{"id":27315,"date":"2021-05-16T20:12:16","date_gmt":"2021-05-17T01:12:16","guid":{"rendered":"http:\/\/www.zonaroja.com.mx\/?p=27315"},"modified":"2021-05-16T20:12:20","modified_gmt":"2021-05-17T01:12:20","slug":"la-uabjo-a-la-altura-de-las-mejores-del-pais-rector-eduardo-bautista","status":"publish","type":"post","link":"https:\/\/zonaroja.com.mx\/?p=27315","title":{"rendered":"\u201cLa UABJO, a la altura de las mejores del pa\u00eds\u201d: rector Eduardo Bautista"},"content":{"rendered":"\n<p>Redacci\u00f3n\/Zona Roja.<\/p>\n\n\n\n<p>Oaxaca de Ju\u00e1rez, Oax., 16 de mayo de 2021.- Con el orgullo de haberse formado en la m\u00e1xima casa de estudios de Oaxaca, 15 egresadas y egresados de las Facultades de Odontolog\u00eda, de Enfermer\u00eda y de Derecho y Ciencias Sociales, recibieron el Premio Ceneval al Desempe\u00f1o de Excelencia del Examen General para el Egreso de la Licenciatura (EGEL).<\/p>\n\n\n\n<p>La ceremonia de entrega de esta distinci\u00f3n fue presidida por el rector Eduardo Bautista Mart\u00ednez, quien celebr\u00f3 el logro del grupo de profesionistas que alcanzaron un desempe\u00f1o excepcional en el EGEL, conforme a las exigencias de la dependencia nacional.<\/p>\n\n\n\n<p>\u201cEsto es una prueba m\u00e1s de que la Universidad est\u00e1 a nivel de otras instituciones del pa\u00eds. Una muestra de la calidad acad\u00e9mica y el resultado del trabajo conjunto de todas las personas que aqu\u00ed laboramos\u201d, refiri\u00f3.<\/p>\n\n\n\n<p>Aprovech\u00f3 la ocasi\u00f3n para felicitar a las y los egresados quienes sin duda realizan un gran aporte al desarrollo del estado y el pa\u00eds. As\u00ed tambi\u00e9n reconoci\u00f3 el esfuerzo de sus familias para hacer posible su formaci\u00f3n profesional.<\/p>\n\n\n\n<p>En su oportunidad, la directora de Evaluaci\u00f3n Educativa, Viviana Berenice Mateos Alonso, dijo que este premio creado por el Centro Nacional de Evaluaci\u00f3n para la Educaci\u00f3n Superior (Ceneval), reconoce el m\u00e9rito y la excelencia acad\u00e9mica de las Instituciones de Educaci\u00f3n P\u00fablica (IES) del pa\u00eds y la calidad de los perfiles profesionales que forma.<\/p>\n\n\n\n<p>As\u00ed tambi\u00e9n, coment\u00f3 que quienes recibieron la distinci\u00f3n forman parte de la aplicaci\u00f3n julio-diciembre 2019, que por cuestiones de la contingencia sanitaria no hab\u00eda podido ser entregada.<\/p>\n\n\n\n<p>El grupo de profesionistas est\u00e1 integrado por: Dora Luz Garc\u00eda Mayoral, Odalis Santiago Aguilar, Selene Hern\u00e1ndez Marcial, Miriam Osmara C\u00e1rdenas Santiago, Maricruz Rend\u00f3n Mej\u00eda, Candy Ponce Yazm\u00edn, Brenda Margarita Ram\u00edrez P\u00e9rez, Mar\u00eda Candelaria P\u00e9rez Le\u00f3n y Karen Janett Ram\u00edrez P\u00e9rez.<\/p>\n\n\n\n<p>As\u00ed como V\u00edctor Javier Gij\u00f3n Z\u00e1rate, Andrea Karen Armengol Hern\u00e1ndez, Miguel \u00c1ngel Canseco Aguilar, H\u00e9ctor Luis Cruz, Pedro Alberto Ignacio Ramos y Jes\u00fas Alberto Castellanos Mart\u00ednez.<\/p>\n\n\n\n<p>En este acto estuvieron presentes directoras y directores de las tres sedes de las facultades de Enfermer\u00eda: Oaxaca, Isabel Cruz Cort\u00e9s, Huajuapan, Guadalupe Cisneros Cris\u00f3stomo y Tehuantepec, Homero Suarez Salinas. As\u00ed tambi\u00e9n de la Facultad de Odontolog\u00eda, Alfonso Acevedo.<\/p>\n","protected":false},"excerpt":{"rendered":"<p>Redacci\u00f3n\/Zona Roja. Oaxaca de Ju\u00e1rez, Oax., 16 de mayo de 2021.- Con el orgullo de&hellip;<\/p>\n","protected":false},"author":2,"featured_media":27316,"comment_status":"closed","ping_status":"open","sticky":false,"template":"","format":"standard","meta":{"_lmt_disableupdate":"","_lmt_disable":"","_jetpack_memberships_contains_paid_content":false,"footnotes":""},"categories":[109,46],"tags":[360],"class_list":["post-27315","post","type-post","status-publish","format-standard","has-post-thumbnail","hentry","category-minuto-a-minuto","category-zona-blanca","tag-rector-eduardo-bautista-martinez"],"jetpack_featured_media_url":"https:\/\/zonaroja.com.mx\/wp-content\/uploads\/2021\/05\/Evaluacion-Ceneval-UABJO.jpg","jetpack_sharing_enabled":true,"_links":{"self":[{"href":"https:\/\/zonaroja.com.mx\/index.php?rest_route=\/wp\/v2\/posts\/27315","targetHints":{"allow":["GET"]}}],"collection":[{"href":"https:\/\/zonaroja.com.mx\/index.php?rest_route=\/wp\/v2\/posts"}],"about":[{"href":"https:\/\/zonaroja.com.mx\/index.php?rest_route=\/wp\/v2\/types\/post"}],"author":[{"embeddable":true,"href":"https:\/\/zonaroja.com.mx\/index.php?rest_route=\/wp\/v2\/users\/2"}],"replies":[{"embeddable":true,"href":"https:\/\/zonaroja.com.mx\/index.php?rest_route=%2Fwp%2Fv2%2Fcomments&post=27315"}],"version-history":[{"count":1,"href":"https:\/\/zonaroja.com.mx\/index.php?rest_route=\/wp\/v2\/posts\/27315\/revisions"}],"predecessor-version":[{"id":27317,"href":"https:\/\/zonaroja.com.mx\/index.php?rest_route=\/wp\/v2\/posts\/27315\/revisions\/27317"}],"wp:featuredmedia":[{"embeddable":true,"href":"https:\/\/zonaroja.com.mx\/index.php?rest_route=\/wp\/v2\/media\/27316"}],"wp:attachment":[{"href":"https:\/\/zonaroja.com.mx\/index.php?rest_route=%2Fwp%2Fv2%2Fmedia&parent=27315"}],"wp:term":[{"taxonomy":"category","embeddable":true,"href":"https:\/\/zonaroja.com.mx\/index.php?rest_route=%2Fwp%2Fv2%2Fcategories&post=27315"},{"taxonomy":"post_tag","embeddable":true,"href":"https:\/\/zonaroja.com.mx\/index.php?rest_route=%2Fwp%2Fv2%2Ftags&post=27315"}],"curies":[{"name":"wp","href":"https:\/\/api.w.org\/{rel}","templated":true}]}}