{"id":27318,"date":"2021-05-17T07:38:26","date_gmt":"2021-05-17T12:38:26","guid":{"rendered":"http:\/\/www.zonaroja.com.mx\/?p=27318"},"modified":"2021-05-17T07:38:31","modified_gmt":"2021-05-17T12:38:31","slug":"de-san-antonio-de-la-cal-el-mototaxista-ejecutado-en-san-agustin-de-las-juntas","status":"publish","type":"post","link":"https:\/\/zonaroja.com.mx\/?p=27318","title":{"rendered":"De San Antonio de la Cal, el mototaxista ejecutado en San Agust\u00edn de las Juntas"},"content":{"rendered":"\n<p>Redacci\u00f3n\/Zona Roja.<\/p>\n\n\n\n<p>Oaxaca de Ju\u00e1rez, Oax., 17 de mayo de 2021.- Como Jeh\u00fa Alberto A. M., de 21 a\u00f1os de edad, originario de San Antonio de la Cal, fue identificado el mototaxista asesinado a balazos ayer, cuyo cuerpo se localiz\u00f3 en San Agust\u00edn de las Juntas.<\/p>\n\n\n\n<p>El joven fue baleado en un domicilio de la calle Venustiano Carranza, colonia El Polvor\u00edn, San Antonio, por sujetos desconocidos, y sus familiares lo llevaron de inmediato a una cl\u00ednica de San Agust\u00edn, municipio conurbado al sur de la ciudad de Oaxaca; sin embargo, muri\u00f3 desangrado, confirmaron corporaciones de socorro.<\/p>\n\n\n\n<p>El mototaxi transitaba en la calle Libertad casi esquina con Porfirio D\u00edaz, en que confirmaron que Jeh\u00fa Alberto ya hab\u00eda perdido la vida. Hasta el momento se desconoce qui\u00e9n o qui\u00e9nes lo atacaron a balazos.<\/p>\n\n\n\n<p>En San Antonio de la Cal se han suscitado diversos ataques armados y asesinatos, al menos cuatro en los \u00faltimos seis meses, derivado presuntamente de ajuste de cuentas entre bandas de narcomenudistas.<\/p>\n\n\n\n<p>Por otra parte, hasta ahora se desconoce qui\u00e9n o qui\u00e9nes mataron a un taxista el s\u00e1bado en jurisdicci\u00f3n de Santa Cruz Xoxocotl\u00e1n; Marcelino R. fue ejecutado en el interior de su taxi del sitio \u201cSanta Teresita\u201d, en inmediaciones de la colonia Tres de Octubre.<\/p>\n","protected":false},"excerpt":{"rendered":"<p>Redacci\u00f3n\/Zona Roja. Oaxaca de Ju\u00e1rez, Oax., 17 de mayo de 2021.- Como Jeh\u00fa Alberto A.&hellip;<\/p>\n","protected":false},"author":2,"featured_media":27319,"comment_status":"closed","ping_status":"open","sticky":false,"template":"","format":"standard","meta":{"_lmt_disableupdate":"","_lmt_disable":"","_jetpack_memberships_contains_paid_content":false,"footnotes":""},"categories":[109,51],"tags":[743],"class_list":["post-27318","post","type-post","status-publish","format-standard","has-post-thumbnail","hentry","category-minuto-a-minuto","category-zona-roja","tag-san-agustin-de-las-juntas"],"jetpack_featured_media_url":"https:\/\/zonaroja.com.mx\/wp-content\/uploads\/2021\/05\/Mototaxista-asesinado-SanAgustin.jpg","jetpack_sharing_enabled":true,"_links":{"self":[{"href":"https:\/\/zonaroja.com.mx\/index.php?rest_route=\/wp\/v2\/posts\/27318","targetHints":{"allow":["GET"]}}],"collection":[{"href":"https:\/\/zonaroja.com.mx\/index.php?rest_route=\/wp\/v2\/posts"}],"about":[{"href":"https:\/\/zonaroja.com.mx\/index.php?rest_route=\/wp\/v2\/types\/post"}],"author":[{"embeddable":true,"href":"https:\/\/zonaroja.com.mx\/index.php?rest_route=\/wp\/v2\/users\/2"}],"replies":[{"embeddable":true,"href":"https:\/\/zonaroja.com.mx\/index.php?rest_route=%2Fwp%2Fv2%2Fcomments&post=27318"}],"version-history":[{"count":1,"href":"https:\/\/zonaroja.com.mx\/index.php?rest_route=\/wp\/v2\/posts\/27318\/revisions"}],"predecessor-version":[{"id":27320,"href":"https:\/\/zonaroja.com.mx\/index.php?rest_route=\/wp\/v2\/posts\/27318\/revisions\/27320"}],"wp:featuredmedia":[{"embeddable":true,"href":"https:\/\/zonaroja.com.mx\/index.php?rest_route=\/wp\/v2\/media\/27319"}],"wp:attachment":[{"href":"https:\/\/zonaroja.com.mx\/index.php?rest_route=%2Fwp%2Fv2%2Fmedia&parent=27318"}],"wp:term":[{"taxonomy":"category","embeddable":true,"href":"https:\/\/zonaroja.com.mx\/index.php?rest_route=%2Fwp%2Fv2%2Fcategories&post=27318"},{"taxonomy":"post_tag","embeddable":true,"href":"https:\/\/zonaroja.com.mx\/index.php?rest_route=%2Fwp%2Fv2%2Ftags&post=27318"}],"curies":[{"name":"wp","href":"https:\/\/api.w.org\/{rel}","templated":true}]}}