{"id":27326,"date":"2021-05-17T08:24:36","date_gmt":"2021-05-17T13:24:36","guid":{"rendered":"http:\/\/www.zonaroja.com.mx\/?p=27326"},"modified":"2021-05-17T08:24:38","modified_gmt":"2021-05-17T13:24:38","slug":"opinion-relevo-en-seccion-22-la-tormenta-que-viene","status":"publish","type":"post","link":"https:\/\/zonaroja.com.mx\/?p=27326","title":{"rendered":"Opini\u00f3n. Relevo en Secci\u00f3n 22: la tormenta que viene"},"content":{"rendered":"\n<p>Ismael Garc\u00eda M.\/Zona Roja.<\/p>\n\n\n\n<p>Oaxaca de Ju\u00e1rez, Oax., 17 de mayo de 2021.- Una poderosa tormenta toca peligrosamente a las puertas de la Secci\u00f3n 22 del SNTE. Y nadie tom\u00f3 previsiones.<\/p>\n\n\n\n<p>S\u00ed, nadie, ni siquiera las instituciones oficiales, han previsto o est\u00e1n preparadas para el desastre que se puede desencadenar con la disputa, ya en proceso, del Comit\u00e9 Ejecutivo Seccional.<\/p>\n\n\n\n<p>A principios de enero pasado se vencieron los cuatro a\u00f1os de Eloy L\u00f3pez Hern\u00e1ndez y dem\u00e1s directivos. Tom\u00f3 posesi\u00f3n con los dem\u00e1s integrantes, el 22 de enero de 2017; sustituy\u00f3 a Rub\u00e9n N\u00fa\u00f1ez Ginez, encarcelado por un lapso junto con Francisco Villalobos por los hechos del 2016 en Nochixtl\u00e1n.<\/p>\n\n\n\n<p>Pero la pandemia aletarg\u00f3 la ya de por s\u00ed pasiva participaci\u00f3n de las bases magisteriales y nadie hab\u00eda pedido cuentas a ellos acerca de la sustituci\u00f3n.<\/p>\n\n\n\n<p>Supuestamente tienen el aval de la Junta Federal de Conciliaci\u00f3n y Arbitraje para prolongar su mandato hasta en tanto haya condiciones sanitarias, pero nadie conoce el acuerdo o el documento por el cual se haya notificado a los docentes.<\/p>\n\n\n\n<p>ATR\u00c1S LOS D\u00cdAS ACIAGOS<\/p>\n\n\n\n<p>Lejanos han quedado los d\u00edas de lucha y revuelta social \u2013para bien principalmente de los oaxaque\u00f1os-, tras, primero, las confrontaciones violentas por seis meses en las calles de la capital y un a\u00f1o de negociaciones para bajar la presi\u00f3n, luego del intento de desalojo policial de un \u201cplant\u00f3n\u201d del magisterio en el z\u00f3calo, el 14 de junio de 2006.<\/p>\n\n\n\n<p>El gobierno de Ulises Ruiz Ortiz lo \u00fanico que consigui\u00f3 fue aglutinar a todas las fuerzas pol\u00edticas, que conformaron el conglomerado de la Asamblea Popular de los Pueblos de Oaxaca, y que estuvieron a punto de derrocarlo.<\/p>\n\n\n\n<p>Hoy esos hechos quedaron en el olvido para la Secci\u00f3n 22, pese al saldo de una veintena de muertos, un centenar de desaparecidos y varios encarcelados.<\/p>\n\n\n\n<p>El 19 de junio de 2016 resurgi\u00f3 la confrontaci\u00f3n, en Asunci\u00f3n Nochixtl\u00e1n y que se extendi\u00f3 en la periferia de la ciudad de Oaxaca, luego de ataques de polic\u00edas estatales y federales contra docentes y poblaci\u00f3n que protestaba por la reforma educativa impulsada por Enrique Pe\u00f1a Nieto y el gobierno de Gabino Cu\u00e9.<\/p>\n\n\n\n<p>Hoy tambi\u00e9n eso ha quedado en el olvido, pese a unos ocho muertos y un centenar de lesionados y s\u00f3lo el Comit\u00e9 de V\u00edctimas ha seguido la lucha legal con logros importantes, entre ellos el m\u00e1s reciente, llamar a cuentas al ex secretario de Gobernaci\u00f3n, Miguel \u00c1ngel Osorio Chong.<\/p>\n\n\n\n<p>TERSA RELACI\u00d3N<\/p>\n\n\n\n<p>Los cuatro a\u00f1os de Eloy L\u00f3pez Hern\u00e1ndez pr\u00e1cticamente han sido de una tersa relaci\u00f3n con el Gobierno del Estado, a trav\u00e9s del Instituto Estatal de Educaci\u00f3n P\u00fablica de Oaxaca.<\/p>\n\n\n\n<p>\u00daltimamente, la pandemia de Covid y el confinamiento favorecieron esas condiciones de paz y se cancelaron todas las marchas y acostumbradas protestas; en abril los normalistas los sacaron de su letargo e incluso les quemaron las puertas del edificio de la Secci\u00f3n 22, en el Centro Hist\u00f3rico\u2026 para reclamarles nulo apoyo.<\/p>\n\n\n\n<p>Embelesado y engolosinado con el poder y el dinero, a Eloy L\u00f3pez Hern\u00e1ndez en absoluto le import\u00f3 las bases de la gremial, conformada ahora por cerca de 100 mil trabajadores de la educaci\u00f3n, de ellos alrededor de 80 mil docentes.<\/p>\n\n\n\n<p>Cedi\u00f3 desde el principio, junto con Genaro Mart\u00ednez Morales y Jos\u00e9 Carlos L\u00f3pez Alonso, a las pretensiones del gobierno, a cambio de jugosas y millonarias prebendas.<\/p>\n\n\n\n<p>Y Eloy L\u00f3pez se avoraz\u00f3, pues en el pasado proceso electoral, impuso a su familiar, Arcelia L\u00f3pez Hern\u00e1ndez, como diputada local, y hoy pugna porque se quede como presidenta municipal de Tlaxiaco.<\/p>\n\n\n\n<p>Impulsa adem\u00e1s a su secretario particular y hasta a su asesor a cargos de representaci\u00f3n popular; la mayor\u00eda, por cierto, ha lucrado a diestra y siniestra con las plazas magisteriales, como es el caso de Genaro Mart\u00ednez, que ha dado trabajo de docentes a sus familiares en Tlacochahuaya, donde adem\u00e1s aseguran que remodel\u00f3 y ampli\u00f3 su casa.<\/p>\n\n\n\n<p>LA FRACTURA<\/p>\n\n\n\n<p>A cuatro meses del t\u00e9rmino del Comit\u00e9 Ejecutivo, no hab\u00eda visos de inter\u00e9s por convocar a asamblea plenaria y luego asamblea estatal para el relevo, pese a que desde hace casi un mes, Oaxaca transita en sem\u00e1foro epidemiol\u00f3gico verde por Covid y pese a que todos los trabajadores de la educaci\u00f3n ya est\u00e1n inmunizados.<\/p>\n\n\n\n<p>Fue el 10 de mayo en que, con el respaldo de la Defensor\u00eda de los Derechos Humanos del Pueblo de Oaxaca, una fracci\u00f3n del magisterio, princicipalmente de la Uni\u00f3n de Trabajadores de la Educaci\u00f3n (UTE), puso el dedo en la llaga\u2026 que comenz\u00f3 a supurar.<\/p>\n\n\n\n<p>Con Rogelio Vargas Garfias, dirigente nacional de la UTE y el respaldo del FPR (que en estricto sentido no tendr\u00eda nada que ver en el relevo), acusaron primero la negligencia del Comit\u00e9 Ejecutivo Seccional para elegir a delegados al congreso de la CNTE en Chiapas, los d\u00edas 14, 15 y 16.<\/p>\n\n\n\n<p>El d\u00eda 11 de mayo, unos 100 representantes del magisterio, encabezados por el vocero de la Secci\u00f3n 22, Wilbert Santiago (a quien se\u00f1alan de promover los actos violentos de los normalistas el mes pasado, as\u00ed como de tener ligas con Salom\u00f3n Jara v\u00eda el edil de San Blas Atempa, Antonino Morales, y el FUCO), eligieron en el auditorio \u201cEnedino Jim\u00e9nez\u201d del magisterio, a los delegados para dicho Congreso. En Chiapas fue la plenaria reconocida la delegaci\u00f3n oaxaque\u00f1a.<\/p>\n\n\n\n<p>El 15 de mayo se evidenci\u00f3 a\u00fan m\u00e1s la divisi\u00f3n; una fracci\u00f3n del Comit\u00e9 dio una conferencia de prensa, en el marco del D\u00eda del Maestro, con Eloy Hern\u00e1ndez, quien reconoci\u00f3 que debe iniciar ya el proceso de selecci\u00f3n, pero no dio plazos.<\/p>\n\n\n\n<p>Otra fracci\u00f3n, la de Wilbert Santiago, efectu\u00f3 una marcha del crucero vial de la antigua sede del IEEPO hacia el centro, arropado por varias organizaciones sociales.<\/p>\n\n\n\n<p>La moneda est\u00e1 en el aire. Cada d\u00eda se suman m\u00e1s grupos internos, como Praxis que encabeza Luis Fernando Canseco, entre otros, para demandar ya el relevo.<\/p>\n\n\n\n<p>Evidentemente que de manera institucional, se convencer\u00e1, otra vez, a Eloy L\u00f3pez, para que evite la asamblea estatal antes de las elecciones del 6 de junio. Pero los nubarrones son cada vez m\u00e1s negros, presagios de intensa tormenta.<\/p>\n","protected":false},"excerpt":{"rendered":"<p>Ismael Garc\u00eda M.\/Zona Roja. Oaxaca de Ju\u00e1rez, Oax., 17 de mayo de 2021.- Una poderosa&hellip;<\/p>\n","protected":false},"author":2,"featured_media":7610,"comment_status":"closed","ping_status":"open","sticky":false,"template":"","format":"standard","meta":{"_lmt_disableupdate":"","_lmt_disable":"","_jetpack_memberships_contains_paid_content":false,"footnotes":""},"categories":[456,109,48],"tags":[1353],"class_list":["post-27326","post","type-post","status-publish","format-standard","has-post-thumbnail","hentry","category-columna","category-minuto-a-minuto","category-zona-critica","tag-opinion-zona-critica"],"jetpack_featured_media_url":"https:\/\/zonaroja.com.mx\/wp-content\/uploads\/2020\/01\/Opini\u00f3n-Zona-Cr\u00edtica.jpg","jetpack_sharing_enabled":true,"_links":{"self":[{"href":"https:\/\/zonaroja.com.mx\/index.php?rest_route=\/wp\/v2\/posts\/27326","targetHints":{"allow":["GET"]}}],"collection":[{"href":"https:\/\/zonaroja.com.mx\/index.php?rest_route=\/wp\/v2\/posts"}],"about":[{"href":"https:\/\/zonaroja.com.mx\/index.php?rest_route=\/wp\/v2\/types\/post"}],"author":[{"embeddable":true,"href":"https:\/\/zonaroja.com.mx\/index.php?rest_route=\/wp\/v2\/users\/2"}],"replies":[{"embeddable":true,"href":"https:\/\/zonaroja.com.mx\/index.php?rest_route=%2Fwp%2Fv2%2Fcomments&post=27326"}],"version-history":[{"count":1,"href":"https:\/\/zonaroja.com.mx\/index.php?rest_route=\/wp\/v2\/posts\/27326\/revisions"}],"predecessor-version":[{"id":27327,"href":"https:\/\/zonaroja.com.mx\/index.php?rest_route=\/wp\/v2\/posts\/27326\/revisions\/27327"}],"wp:featuredmedia":[{"embeddable":true,"href":"https:\/\/zonaroja.com.mx\/index.php?rest_route=\/wp\/v2\/media\/7610"}],"wp:attachment":[{"href":"https:\/\/zonaroja.com.mx\/index.php?rest_route=%2Fwp%2Fv2%2Fmedia&parent=27326"}],"wp:term":[{"taxonomy":"category","embeddable":true,"href":"https:\/\/zonaroja.com.mx\/index.php?rest_route=%2Fwp%2Fv2%2Fcategories&post=27326"},{"taxonomy":"post_tag","embeddable":true,"href":"https:\/\/zonaroja.com.mx\/index.php?rest_route=%2Fwp%2Fv2%2Ftags&post=27326"}],"curies":[{"name":"wp","href":"https:\/\/api.w.org\/{rel}","templated":true}]}}