{"id":27328,"date":"2021-05-17T11:13:44","date_gmt":"2021-05-17T16:13:44","guid":{"rendered":"https:\/\/www.zonaroja.com.mx\/?p=27328"},"modified":"2021-05-17T11:20:54","modified_gmt":"2021-05-17T16:20:54","slug":"trato-igualitario-a-comunidad-mezcalera-ofrece-presidente-del-comercam","status":"publish","type":"post","link":"https:\/\/zonaroja.com.mx\/?p=27328","title":{"rendered":"Trato igualitario a comunidad mezcalera, ofrece presidente del Comercam"},"content":{"rendered":"\n<p>Evlin Aragon\/Zona Roja. <br>Oaxaca de Ju\u00e1rez, Oax., 17 de mayo de 2021.- Trato igualitario a la comunidad mezcalera y magueyera, asambleas peri\u00f3dicas, rendici\u00f3n de cuentas y una exhaustiva revisi\u00f3n del estado financiero que deja la dirigencia saliente, son parte de los compromisos de Abelino Cohetero Villegas, reci\u00e9n nombrado presidente del Consejo Mexicano Regulador de la Calidad del Mezcal (Comercam). <\/p>\n\n\n\n<p>\u201cEl primer compromiso que hago es que mi Consejo Directivo ser\u00e1 incluyente y transparente\u201d, refiri\u00f3 en el marco de su toma de protesta suscitada el fin de semana en San Dionisio Ocotepec.<\/p>\n\n\n\n<p>En este sentido, explic\u00f3 que su administraci\u00f3n estar\u00e1 basada en cuatro ejes principalmente, dentro de los que destaca: el desarrollo para todos, y no solo para las grandes marcas mezcaleras, la inclusi\u00f3n y reconocimiento de las mujeres en la cadena productiva, as\u00ed como plantear acciones para conseguir la sustentabilidad del producto.<\/p>\n\n\n\n<p>Tambi\u00e9n asegur\u00f3 que recorrer\u00e1 cada uno de los municipios que cuentan con la denominaci\u00f3n de origen de la bebida, con la intenci\u00f3n de hacer un consejo m\u00e1s fuerte, incluyente, transparente y con rendici\u00f3n de cuentas, a diferencia de la administraci\u00f3n saliente encabezada por Hip\u00f3crates Nolasco Cancino.<\/p>\n\n\n\n<p>As\u00ed mismo propuso la creaci\u00f3n de comit\u00e9s para dar atenci\u00f3n puntual a las necesidades de las y los productores, tales como las de precios, promoci\u00f3n, honor y justicia, vigilancia, todas derivadas de la Asamblea General como m\u00e1xima autoridad del gremio.  <\/p>\n\n\n\n<p>Y es que para el reci\u00e9n nombrado dirigente del Comercam, la realizaci\u00f3n peri\u00f3dica de asambleas evitar\u00e1 repetir los problemas hoy existentes al interior del organismo y mantendr\u00e1 la confianza en quienes lo encabecen, que adem\u00e1s tendr\u00e1n que rendir cuentas.<\/p>\n\n\n\n<p>\u201cMi compromiso tambi\u00e9n es hacer asambleas extraordinarias m\u00e1s seguidas, no podemos esperarnos cada a\u00f1o para poder ver c\u00f3mo no ha ido, sin duda es necesario, una demanda y una exigencia del sector\u201d, refiri\u00f3.<\/p>\n\n\n\n<p>Finalmente, y ante una posible inconformidad de Hip\u00f3crates Nolasco por su destituci\u00f3n, se dijo confiado de contar con el respaldo de la base mezcalera y magueyera, no solo de Oaxaca sino de otras partes de la Rep\u00fablica.<\/p>\n\n\n\n<p class=\"x_MsoNormal\">Abelino Cohetero Villegas tom\u00f3 protesta, este s\u00e1bado como presidente del Consejo Mexicano Regulador de la Calidad del Mezcal (Comercam), por el periodo 2021-2024, y est\u00e1 acompa\u00f1ado de Cirilo Hern\u00e1ndez Mart\u00ednez, Pedro M\u00e9ndez Jim\u00e9nez, Lucio Humberto Morales Garc\u00eda, Gerstenmaier, Ra\u00fal Cort\u00e9s Cort\u00e9s, Mario Lucas Garc\u00eda, V\u00edctor Manuel Lomel\u00ed Robles, como integrantes de la parte de la Mesa Directiva.  <\/p>\n\n\n\n<p class=\"x_MsoNormal\">Independientemente de la designaci\u00f3n de la nueva dirigencia, el pleno de la Asamblea General determin\u00f3 aplicar una auditoria a la gesti\u00f3n de Nolasco Cancino, quien desde hace nueve a\u00f1os no reporta el ingreso, manejo y destino de los millones de pesos que se mueven al interior del consejo. <\/p>\n\n\n\n<p class=\"x_MsoNormal\"> <\/p>\n","protected":false},"excerpt":{"rendered":"<p>Evlin Aragon\/Zona Roja. Oaxaca de Ju\u00e1rez, Oax., 17 de mayo de 2021.- Trato igualitario a&hellip;<\/p>\n","protected":false},"author":2,"featured_media":27323,"comment_status":"closed","ping_status":"open","sticky":false,"template":"","format":"standard","meta":{"_lmt_disableupdate":"","_lmt_disable":"","_jetpack_memberships_contains_paid_content":false,"footnotes":""},"categories":[109,46],"tags":[2684,1815],"class_list":["post-27328","post","type-post","status-publish","format-standard","has-post-thumbnail","hentry","category-minuto-a-minuto","category-zona-blanca","tag-abelino-cohetero-villegas","tag-consejo-regulador-del-mezcal"],"jetpack_featured_media_url":"https:\/\/zonaroja.com.mx\/wp-content\/uploads\/2021\/05\/Consejo-directivo-Comercam.jpg","jetpack_sharing_enabled":true,"_links":{"self":[{"href":"https:\/\/zonaroja.com.mx\/index.php?rest_route=\/wp\/v2\/posts\/27328","targetHints":{"allow":["GET"]}}],"collection":[{"href":"https:\/\/zonaroja.com.mx\/index.php?rest_route=\/wp\/v2\/posts"}],"about":[{"href":"https:\/\/zonaroja.com.mx\/index.php?rest_route=\/wp\/v2\/types\/post"}],"author":[{"embeddable":true,"href":"https:\/\/zonaroja.com.mx\/index.php?rest_route=\/wp\/v2\/users\/2"}],"replies":[{"embeddable":true,"href":"https:\/\/zonaroja.com.mx\/index.php?rest_route=%2Fwp%2Fv2%2Fcomments&post=27328"}],"version-history":[{"count":1,"href":"https:\/\/zonaroja.com.mx\/index.php?rest_route=\/wp\/v2\/posts\/27328\/revisions"}],"predecessor-version":[{"id":27329,"href":"https:\/\/zonaroja.com.mx\/index.php?rest_route=\/wp\/v2\/posts\/27328\/revisions\/27329"}],"wp:featuredmedia":[{"embeddable":true,"href":"https:\/\/zonaroja.com.mx\/index.php?rest_route=\/wp\/v2\/media\/27323"}],"wp:attachment":[{"href":"https:\/\/zonaroja.com.mx\/index.php?rest_route=%2Fwp%2Fv2%2Fmedia&parent=27328"}],"wp:term":[{"taxonomy":"category","embeddable":true,"href":"https:\/\/zonaroja.com.mx\/index.php?rest_route=%2Fwp%2Fv2%2Fcategories&post=27328"},{"taxonomy":"post_tag","embeddable":true,"href":"https:\/\/zonaroja.com.mx\/index.php?rest_route=%2Fwp%2Fv2%2Ftags&post=27328"}],"curies":[{"name":"wp","href":"https:\/\/api.w.org\/{rel}","templated":true}]}}