{"id":27331,"date":"2021-05-17T13:53:48","date_gmt":"2021-05-17T18:53:48","guid":{"rendered":"https:\/\/www.zonaroja.com.mx\/?p=27331"},"modified":"2021-05-17T13:57:50","modified_gmt":"2021-05-17T18:57:50","slug":"anuncia-villacana-compromisos-con-la-juventud-y-el-gremio-de-la-construccion","status":"publish","type":"post","link":"https:\/\/zonaroja.com.mx\/?p=27331","title":{"rendered":"Anuncia Villaca\u00f1a compromisos con la juventud y el gremio de la construcci\u00f3n"},"content":{"rendered":"\n<p>Evlin Arag\u00f3n\/Zona Roja. <\/p>\n\n\n\n<p>Oaxaca de Ju\u00e1rez, Oax., 17 de mayo de 2021.- El candidato a la presidencia municipal de Oaxaca de Ju\u00e1rez por la coalici\u00f3n conformada por el PAN, PRI y PRD, Javier Villaca\u00f1a Jim\u00e9nez, se comprometi\u00f3 con la juventud y el gremio de la construcci\u00f3n, sectores que dijo contar\u00e1n con todo el respaldo de su administraci\u00f3n una vez ganadas las elecciones del pr\u00f3ximo <a href=\"\/\/0\">6 de junio<\/a>. <\/p>\n\n\n\n<p>En conferencia de prensa, detall\u00f3 que su proyecto de gobierno considera fundamental el apoyo y respaldo a la juventud, por lo que impulsar\u00e1 la creaci\u00f3n de la Secretar\u00eda de la Juventud, con la intenci\u00f3n de que tenga m\u00e1s recurso y opciones de gesti\u00f3n a\u00fan mayores con instancias federales e internacionales.<\/p>\n\n\n\n<p>Para beneficiar a este mismo sector, se comprometi\u00f3 a crear un Instituto Municipal de las Adicciones, con la intenci\u00f3n de atender de manera puntual la problem\u00e1tica actual que afecta a cientos de j\u00f3venes en la capital y zona conurbada.&nbsp;<\/p>\n\n\n\n<p>TR\u00c1MITES EXPR\u00c9S&nbsp;<\/p>\n\n\n\n<p>As\u00ed mismo, detall\u00f3 que con la intenci\u00f3n de dar atenci\u00f3n a las necesidades de los sectores de infraestructura y obras, plantea la apertura de la Ventanilla \u00danica de Tr\u00e1mite Expr\u00e9s para Obra Privada con la intenci\u00f3n de detonar dicha actividad que, tambi\u00e9n genera desarrollo.&nbsp;<\/p>\n\n\n\n<p>Al respecto explic\u00f3 que los tr\u00e1mites actualmente tardan hasta un a\u00f1o, claro ejemplo las licencias de construcci\u00f3n que tardan a\u00f1o y medio, que obligan a las personas a construir o ampliar sus viviendas sin permisos, y hasta despu\u00e9s que buscan regularizar, debido a la burocracia generada al respecto.<\/p>\n\n\n\n<p>Por lo anterior, propuso un Programa de Regularizaci\u00f3n de Obras que ya se llevaron a cabo sin licencias y\/o permisos.  <\/p>\n\n\n\n<p>Finalmente, el candidato de la coalici\u00f3n \u201cVa por Oaxaca\u201d invit\u00f3 a la ciudadan\u00eda a participar en el tequio para embellecer el primer cuadro del Centro Hist\u00f3rico de la ciudad, el cual se llevar\u00e1 a cabo el pr\u00f3ximo <a href=\"\/\/1\">30 de mayo, a partir de las 9 de la ma\u00f1ana<\/a>, con la intenci\u00f3n de empezar con el rescate de los espacios p\u00fablicos. <\/p>\n\n\n\n<p>\u201cGUERRA SUCIA\u201d<\/p>\n\n\n\n<p>En otro orden de ideas, Villaca\u00f1a Jim\u00e9nez rechaz\u00f3 la campa\u00f1a sucia que se ha emprendido en su contra, sin embargo, asegur\u00f3 que entiende la desesperaci\u00f3n de su principal contrincante Francisco Mart\u00ednez Neri, cuya campa\u00f1a no logra despuntar al carecer de un proyecto de gobierno s\u00f3lido.&nbsp;<\/p>\n\n\n\n<p>Por lo anterior le pidi\u00f3 subir el nivel de la campa\u00f1a a base de propuestas y no denostaciones que en nada benefician a la ciudadan\u00eda, que s\u00ed est\u00e1 evaluando de manera responsable a quien darle su voto de confianza.<\/p>\n\n\n\n<p>En este sentido y luego del reto que le lanzar\u00e1 su contrincante por Morena, Javier Villaca\u00f1a asegur\u00f3 que no tiene miedo de llevar a cabo un debate, por el contrario, est\u00e1 en toda la disposici\u00f3n de participar, con la intenci\u00f3n de dar a conocer su proyecto de gobierno a la ciudadan\u00eda capitalina.&nbsp;<\/p>\n\n\n\n<p>Sin embargo, dijo que le dar\u00e1 oportunidad a Mart\u00ednez Neri de que recorra un poco m\u00e1s las calles de la ciudad, con la intenci\u00f3n de conocer a mayor profundidad las necesidades de la gente, ya que hasta el momento no cuenta ni con el respaldo ciudadanos ni con un proyecto s\u00f3lido para debatir. <\/p>\n","protected":false},"excerpt":{"rendered":"<p>Evlin Arag\u00f3n\/Zona Roja. Oaxaca de Ju\u00e1rez, Oax., 17 de mayo de 2021.- El candidato a&hellip;<\/p>\n","protected":false},"author":2,"featured_media":27330,"comment_status":"closed","ping_status":"open","sticky":false,"template":"","format":"standard","meta":{"_lmt_disableupdate":"","_lmt_disable":"","_jetpack_memberships_contains_paid_content":false,"footnotes":""},"categories":[109,46],"tags":[2456],"class_list":["post-27331","post","type-post","status-publish","format-standard","has-post-thumbnail","hentry","category-minuto-a-minuto","category-zona-blanca","tag-javier-villacana-jimenez"],"jetpack_featured_media_url":"https:\/\/zonaroja.com.mx\/wp-content\/uploads\/2021\/05\/15ec2470-b45b-414d-946c-af34008d1911.jpg","jetpack_sharing_enabled":true,"_links":{"self":[{"href":"https:\/\/zonaroja.com.mx\/index.php?rest_route=\/wp\/v2\/posts\/27331","targetHints":{"allow":["GET"]}}],"collection":[{"href":"https:\/\/zonaroja.com.mx\/index.php?rest_route=\/wp\/v2\/posts"}],"about":[{"href":"https:\/\/zonaroja.com.mx\/index.php?rest_route=\/wp\/v2\/types\/post"}],"author":[{"embeddable":true,"href":"https:\/\/zonaroja.com.mx\/index.php?rest_route=\/wp\/v2\/users\/2"}],"replies":[{"embeddable":true,"href":"https:\/\/zonaroja.com.mx\/index.php?rest_route=%2Fwp%2Fv2%2Fcomments&post=27331"}],"version-history":[{"count":1,"href":"https:\/\/zonaroja.com.mx\/index.php?rest_route=\/wp\/v2\/posts\/27331\/revisions"}],"predecessor-version":[{"id":27332,"href":"https:\/\/zonaroja.com.mx\/index.php?rest_route=\/wp\/v2\/posts\/27331\/revisions\/27332"}],"wp:featuredmedia":[{"embeddable":true,"href":"https:\/\/zonaroja.com.mx\/index.php?rest_route=\/wp\/v2\/media\/27330"}],"wp:attachment":[{"href":"https:\/\/zonaroja.com.mx\/index.php?rest_route=%2Fwp%2Fv2%2Fmedia&parent=27331"}],"wp:term":[{"taxonomy":"category","embeddable":true,"href":"https:\/\/zonaroja.com.mx\/index.php?rest_route=%2Fwp%2Fv2%2Fcategories&post=27331"},{"taxonomy":"post_tag","embeddable":true,"href":"https:\/\/zonaroja.com.mx\/index.php?rest_route=%2Fwp%2Fv2%2Ftags&post=27331"}],"curies":[{"name":"wp","href":"https:\/\/api.w.org\/{rel}","templated":true}]}}