{"id":2734,"date":"2019-08-02T07:27:09","date_gmt":"2019-08-02T12:27:09","guid":{"rendered":"http:\/\/www.zonaroja.com.mx\/?p=2734"},"modified":"2019-08-02T07:27:12","modified_gmt":"2019-08-02T12:27:12","slug":"taxistas-de-oaxaca-entre-las-agresiones-y-la-impunidad","status":"publish","type":"post","link":"https:\/\/zonaroja.com.mx\/?p=2734","title":{"rendered":"Taxistas de Oaxaca, entre las agresiones y la impunidad"},"content":{"rendered":"\n<p>Redacci\u00f3n<\/p>\n\n\n\n<p>Oaxaca de Ju\u00e1rez,\nOax., 2 de agosto de 2019.- Los taxistas de Oaxaca, de la capital y for\u00e1neos,\ncontin\u00faan actuando con impunidad.<\/p>\n\n\n\n<p>Ayer, el\ncamar\u00f3grafo de la Corporaci\u00f3n Oaxaque\u00f1a de Radio y Televisi\u00f3n (CORTV), Daniel\nOrtiz, fue atacado con un bat por un trabajador del volante que conduc\u00eda la\nunidad con n\u00famero econ\u00f3mico 06-940-TC-Etla 079.<\/p>\n\n\n\n<p>Los hechos sucedieron ayer por la tarde en la carretera Internacional 190, Oaxaca-M\u00e9xico, a la altura de la gasoliner\u00eda de la colonia La Joya, agencia Pueblo Nuevo, Oaxaca de Ju\u00e1rez.<\/p>\n\n\n\n<figure class=\"wp-block-image\"><img decoding=\"async\" width=\"720\" height=\"960\" src=\"http:\/\/www.zonaroja.com.mx\/wp-content\/uploads\/2019\/08\/da8fcfed-25ed-4b62-9760-55bcfab34a29.jpg\" alt=\"\" class=\"wp-image-2736\" srcset=\"https:\/\/zonaroja.com.mx\/wp-content\/uploads\/2019\/08\/da8fcfed-25ed-4b62-9760-55bcfab34a29.jpg 720w, https:\/\/zonaroja.com.mx\/wp-content\/uploads\/2019\/08\/da8fcfed-25ed-4b62-9760-55bcfab34a29-225x300.jpg 225w, https:\/\/zonaroja.com.mx\/wp-content\/uploads\/2019\/08\/da8fcfed-25ed-4b62-9760-55bcfab34a29-585x780.jpg 585w\" sizes=\"(max-width: 720px) 100vw, 720px\" \/><\/figure>\n\n\n\n<p>Presuntamente\npor un percance vial, el taxista golpe\u00f3 en la cabeza al camar\u00f3grafo y tras ello\ncon el mismo objeto, rompi\u00f3 el parabrisas de la unidad de motor del agredido.<\/p>\n\n\n\n<p>Elementos de\nla Polic\u00eda Federal llegaron al lugar y detuvieron al taxista agresor; sin\nembargo, \u00e9ste logr\u00f3 pedir auxilio y m\u00e1s ruleteros llegaron al lugar,\narrebataron a su compa\u00f1ero a los polic\u00edas y se los llevaron.<\/p>\n\n\n\n<p>La CORTV a trav\u00e9s de su director Alejandro Leyva Aguilar, pidi\u00f3 a la Fiscal\u00eda General del Estado actuar a la brevedad en contra del responsable de la agresi\u00f3n y de quienes lo encubrieron.<\/p>\n\n\n\n<figure class=\"wp-block-embed-twitter wp-block-embed is-type-rich is-provider-twitter\"><div class=\"wp-block-embed__wrapper\">\n<div class=\"twitter-tweet\"><blockquote class=\"twitter-tweet\" data-lang=\"es\"><p lang=\"es\" dir=\"ltr\"><a href=\"https:\/\/twitter.com\/hashtag\/OaxacaGris?src=hash&amp;ref_src=twsrc%5Etfw\">#OaxacaGris<\/a><br>Un taxista agredi\u00f3 a una mujer e intent\u00f3 con violencia que le pagara un espejo que presuntamente le rompi\u00f3 tras bloquear con su unidad la ciclov\u00eda. Los hechos sucedieron ayer en la segunda calle de Abasolo, Centro Hist\u00f3rico de la ciudad de <a href=\"https:\/\/twitter.com\/hashtag\/Oaxaca?src=hash&amp;ref_src=twsrc%5Etfw\">#Oaxaca<\/a>. <a href=\"https:\/\/t.co\/fSnhZoHrcy\">pic.twitter.com\/fSnhZoHrcy<\/a><\/p>&mdash; Zona Roja Oaxaca (@MexRoja) <a href=\"https:\/\/twitter.com\/MexRoja\/status\/1156907584718352385?ref_src=twsrc%5Etfw\">1 de agosto de 2019<\/a><\/blockquote><\/div>\n<\/div><\/figure>\n\n\n\n<p>Por otra\nparte, respecto al taxista de la ciudad de Oaxaca que el mi\u00e9rcoles agredi\u00f3 en\nla calle Abasolo del Centro Hist\u00f3rico a una joven cicilsta que presuntamente le\nda\u00f1\u00f3 el espejo lateral, la Secretar\u00eda de Movilidad (Semovi) inform\u00f3 que le fue\nretirada la licencia de conducir.<\/p>\n\n\n\n<p>Sin embargo,\nno detall\u00f3 que fue solamente por un mes como tampoco las medidas que se\nimplementar\u00e1n para que sean respetadas las ciclov\u00edas como las personas que usan\nbicicletas en la capital.<\/p>\n","protected":false},"excerpt":{"rendered":"<p>Redacci\u00f3n Oaxaca de Ju\u00e1rez, Oax., 2 de agosto de 2019.- Los taxistas de Oaxaca, de&hellip;<\/p>\n","protected":false},"author":2,"featured_media":2735,"comment_status":"closed","ping_status":"open","sticky":false,"template":"","format":"standard","meta":{"_lmt_disableupdate":"","_lmt_disable":"","_jetpack_memberships_contains_paid_content":false,"footnotes":""},"categories":[109,51],"tags":[454],"class_list":["post-2734","post","type-post","status-publish","format-standard","has-post-thumbnail","hentry","category-minuto-a-minuto","category-zona-roja","tag-taxistas-violentos-impunes-oaxaca"],"jetpack_featured_media_url":"https:\/\/zonaroja.com.mx\/wp-content\/uploads\/2019\/08\/5ca611e2-9cec-4985-93e7-f43d9739fe83.jpg","jetpack_sharing_enabled":true,"_links":{"self":[{"href":"https:\/\/zonaroja.com.mx\/index.php?rest_route=\/wp\/v2\/posts\/2734","targetHints":{"allow":["GET"]}}],"collection":[{"href":"https:\/\/zonaroja.com.mx\/index.php?rest_route=\/wp\/v2\/posts"}],"about":[{"href":"https:\/\/zonaroja.com.mx\/index.php?rest_route=\/wp\/v2\/types\/post"}],"author":[{"embeddable":true,"href":"https:\/\/zonaroja.com.mx\/index.php?rest_route=\/wp\/v2\/users\/2"}],"replies":[{"embeddable":true,"href":"https:\/\/zonaroja.com.mx\/index.php?rest_route=%2Fwp%2Fv2%2Fcomments&post=2734"}],"version-history":[{"count":1,"href":"https:\/\/zonaroja.com.mx\/index.php?rest_route=\/wp\/v2\/posts\/2734\/revisions"}],"predecessor-version":[{"id":2737,"href":"https:\/\/zonaroja.com.mx\/index.php?rest_route=\/wp\/v2\/posts\/2734\/revisions\/2737"}],"wp:featuredmedia":[{"embeddable":true,"href":"https:\/\/zonaroja.com.mx\/index.php?rest_route=\/wp\/v2\/media\/2735"}],"wp:attachment":[{"href":"https:\/\/zonaroja.com.mx\/index.php?rest_route=%2Fwp%2Fv2%2Fmedia&parent=2734"}],"wp:term":[{"taxonomy":"category","embeddable":true,"href":"https:\/\/zonaroja.com.mx\/index.php?rest_route=%2Fwp%2Fv2%2Fcategories&post=2734"},{"taxonomy":"post_tag","embeddable":true,"href":"https:\/\/zonaroja.com.mx\/index.php?rest_route=%2Fwp%2Fv2%2Ftags&post=2734"}],"curies":[{"name":"wp","href":"https:\/\/api.w.org\/{rel}","templated":true}]}}