{"id":27347,"date":"2021-05-17T21:08:09","date_gmt":"2021-05-18T02:08:09","guid":{"rendered":"http:\/\/www.zonaroja.com.mx\/?p=27347"},"modified":"2021-05-17T21:08:13","modified_gmt":"2021-05-18T02:08:13","slug":"necesaria-agenda-ecologica-en-el-congreso-local-agustin-monroy","status":"publish","type":"post","link":"https:\/\/zonaroja.com.mx\/?p=27347","title":{"rendered":"Necesaria, agenda ecol\u00f3gica en el Congreso local: Agust\u00edn Monroy"},"content":{"rendered":"\n<p>Evlin Arag\u00f3n\/Zona Roja.<\/p>\n\n\n\n<p>Oaxaca de Ju\u00e1rez, Oax., 17 de mayo de 2021.- Preocupado por el medio ambiente y el saneamiento de los r\u00edos \u201cAtoyac\u201d y \u201cSalado\u201d, el candidato del Partido Nueva Alianza a diputado local por el distrito XIII, Agust\u00edn Monroy, se comprometi\u00f3 a encabezar una agenda ecol\u00f3gica al interior el recinto legislativo.<\/p>\n\n\n\n<p>En encuentro con los medios de comunicaci\u00f3n, destac\u00f3 la necesidad imperante de hacer cumplir las leyes en la materia y armonizar lo que haga falta con la intenci\u00f3n de que el medio ambiente sea considerado como prioridad por parte de las autoridades, ya que, de lo contrario, quedar\u00e1 cada vez menos tiempo para aplicar acciones espec\u00edficas al respecto.<\/p>\n\n\n\n<p>En este sentido, el candidato del Panal llam\u00f3 a todas y todos los candidatos que aspiran a un puesto de representaci\u00f3n popular en la zona metropolitana a firmar un documento en el que se comprometan a impulsar la agenda \u201cverde\u201d que de atenci\u00f3n a las necesidades ambientales, que sin duda&nbsp; impactan en el desarrollo de la poblaci\u00f3n.<\/p>\n\n\n\n<p>Arquitecto de profesi\u00f3n, docente y activista desde varias organizaciones civiles, Agust\u00edn Monroy plantea un desarrollo metropolitano con una planeaci\u00f3n previa, lo anterior ya que reconoce el crecimiento indiscriminado de la poblaci\u00f3n y la zona conurbada, situaci\u00f3n insostenible sin cambios en la pol\u00edtica urbana.<\/p>\n\n\n\n<p>Aunque actualmente realiza una campa\u00f1a de propuesta, asegur\u00f3 que no es ajeno a la violencia ya que ha sido objeto de denostaciones en sus redes sociales, adem\u00e1s que le han retirado la publicidad colocada incluso a las afueras de su casa de campa\u00f1a, situaci\u00f3n que hizo p\u00fablica y eval\u00faa denunciar para crear precedente.<\/p>\n\n\n\n<figure class=\"wp-block-embed-twitter wp-block-embed is-type-rich is-provider-twitter\"><div class=\"wp-block-embed__wrapper\">\n<div class=\"twitter-tweet\"><blockquote class=\"twitter-tweet\" data-lang=\"es\"><p lang=\"es\" dir=\"ltr\"><a href=\"https:\/\/twitter.com\/hashtag\/ENVIVO?src=hash&amp;ref_src=twsrc%5Etfw\">#ENVIVO<\/a>. <br>Oaxaca de Ju\u00e1rez, Oax., 17 de mayo de 2021.- Conferencia de prensa del Partido Nueva Alianza en Oaxaca; preside Agust\u00edn Monroy.<br>Siga aqu\u00ed la transmisi\u00f3n: <br>\ud83d\udc47<a href=\"https:\/\/t.co\/KGXBJs6vDy\">https:\/\/t.co\/KGXBJs6vDy<\/a><a href=\"https:\/\/twitter.com\/NuevaAlianzaOa?ref_src=twsrc%5Etfw\">@NuevaAlianzaOa<\/a> <a href=\"https:\/\/twitter.com\/monroyagustin_?ref_src=twsrc%5Etfw\">@monroyagustin_<\/a> <a href=\"https:\/\/t.co\/0YSP4PXUhh\">pic.twitter.com\/0YSP4PXUhh<\/a><\/p>&mdash; Zona Roja Oaxaca (@Zona_Roja_Oax) <a href=\"https:\/\/twitter.com\/Zona_Roja_Oax\/status\/1394310602961588228?ref_src=twsrc%5Etfw\">17 de mayo de 2021<\/a><\/blockquote><\/div>\n<\/div><\/figure>\n\n\n\n<p>\u201cEs violento que nos insulten en nuestras redes sociales, es violento que vayan y arranquen nuestras lonas en nuestra propia casa de campa\u00f1a, hay diferentes expresiones y niveles de violencia pero ninguna se deber\u00eda permitir, por ello pedimos que prevalezca la civilidad, las ideas y los proyectos\u201d, puntualiz\u00f3.<\/p>\n\n\n\n<p>Consciente de la necesidad de que las propuestas de las y los candidatos sean escuchadas, solicit\u00f3 la organizaci\u00f3n de un debate al Instituto Estatal Electoral y de Participaci\u00f3n Ciudadana de Oaxaca (IEEPCO), quien a\u00fan no da respuesta a su petici\u00f3n, a sabiendas que queda muy poco tiempo para llevarlo a cabo.<\/p>\n\n\n\n<p>\u201cA pesar del amplio presupuesto que tienen el IEEPCO, no hay una amplia necesidad de convocar a los debates, mismos que sirven a la ciudadan\u00eda para contrastar ideas y elegir la mejor opci\u00f3n en cuanto a las propuestas\u201d, se\u00f1al\u00f3.<\/p>\n\n\n\n<p>Finalmente, y dado que no existe un piso parejo en el actual proceso electoral,&nbsp; invit\u00f3 a la ciudadan\u00eda a escuchar todas y cada una de las propuestas a fin de elegir libremente el d\u00eda 6 de junio, con la informaci\u00f3n suficiente para que su voto cuente a favor de toda la comunidad y no de los intereses de unos cuantos.<\/p>\n","protected":false},"excerpt":{"rendered":"<p>Evlin Arag\u00f3n\/Zona Roja. Oaxaca de Ju\u00e1rez, Oax., 17 de mayo de 2021.- Preocupado por el&hellip;<\/p>\n","protected":false},"author":2,"featured_media":27348,"comment_status":"closed","ping_status":"open","sticky":false,"template":"","format":"standard","meta":{"_lmt_disableupdate":"","_lmt_disable":"","_jetpack_memberships_contains_paid_content":false,"footnotes":""},"categories":[109,46],"tags":[2687],"class_list":["post-27347","post","type-post","status-publish","format-standard","has-post-thumbnail","hentry","category-minuto-a-minuto","category-zona-blanca","tag-agustin-monroy"],"jetpack_featured_media_url":"https:\/\/zonaroja.com.mx\/wp-content\/uploads\/2021\/05\/Agustin-Monroy-Nueva-Alianza.jpg","jetpack_sharing_enabled":true,"_links":{"self":[{"href":"https:\/\/zonaroja.com.mx\/index.php?rest_route=\/wp\/v2\/posts\/27347","targetHints":{"allow":["GET"]}}],"collection":[{"href":"https:\/\/zonaroja.com.mx\/index.php?rest_route=\/wp\/v2\/posts"}],"about":[{"href":"https:\/\/zonaroja.com.mx\/index.php?rest_route=\/wp\/v2\/types\/post"}],"author":[{"embeddable":true,"href":"https:\/\/zonaroja.com.mx\/index.php?rest_route=\/wp\/v2\/users\/2"}],"replies":[{"embeddable":true,"href":"https:\/\/zonaroja.com.mx\/index.php?rest_route=%2Fwp%2Fv2%2Fcomments&post=27347"}],"version-history":[{"count":1,"href":"https:\/\/zonaroja.com.mx\/index.php?rest_route=\/wp\/v2\/posts\/27347\/revisions"}],"predecessor-version":[{"id":27349,"href":"https:\/\/zonaroja.com.mx\/index.php?rest_route=\/wp\/v2\/posts\/27347\/revisions\/27349"}],"wp:featuredmedia":[{"embeddable":true,"href":"https:\/\/zonaroja.com.mx\/index.php?rest_route=\/wp\/v2\/media\/27348"}],"wp:attachment":[{"href":"https:\/\/zonaroja.com.mx\/index.php?rest_route=%2Fwp%2Fv2%2Fmedia&parent=27347"}],"wp:term":[{"taxonomy":"category","embeddable":true,"href":"https:\/\/zonaroja.com.mx\/index.php?rest_route=%2Fwp%2Fv2%2Fcategories&post=27347"},{"taxonomy":"post_tag","embeddable":true,"href":"https:\/\/zonaroja.com.mx\/index.php?rest_route=%2Fwp%2Fv2%2Ftags&post=27347"}],"curies":[{"name":"wp","href":"https:\/\/api.w.org\/{rel}","templated":true}]}}