{"id":27350,"date":"2021-05-17T21:15:36","date_gmt":"2021-05-18T02:15:36","guid":{"rendered":"http:\/\/www.zonaroja.com.mx\/?p=27350"},"modified":"2021-05-17T21:15:39","modified_gmt":"2021-05-18T02:15:39","slug":"robaron-hologramas-de-la-comercam-denuncia-nuevo-comite","status":"publish","type":"post","link":"https:\/\/zonaroja.com.mx\/?p=27350","title":{"rendered":"Robaron hologramas de la Comercam, denuncia nuevo comit\u00e9"},"content":{"rendered":"\n<p>Yuridiana Sosa\/Zona Roja.<\/p>\n\n\n\n<p>Oaxaca de Ju\u00e1rez, Oax., 17 de mayo de 2021.- Hologramas, como equipo de c\u00f3mputo y el servidor, es parte del saldo preliminar del robo realizado ayer a las oficinas del Consejo Mexicano Regulador de la Calidad del Mezcal (Comercam) &#8211;presuntamente por personas relacionadas con el anterior represente Hip\u00f3crates Nolasco&#8211;, confirm\u00f3 el nuevo presidente, Abelino Cohetero Villegas.<\/p>\n\n\n\n<p>&nbsp;En conferencia de prensa este lunes, acompa\u00f1ado de integrantes de la nueva dirigencia, indic\u00f3 que pese al hecho delictivo, se organizar\u00e1n para seguir trabajando, al tiempo que se mantendr\u00e1n vigilantes de las investigaciones.<\/p>\n\n\n\n<p>Cohetero Villegas dijo que a\u00fan no se realiza el inventario para conocer con exactitud lo que se hurt\u00f3 este domingo y hasta al mediod\u00eda de este lunes a\u00fan estaban a la espera de agentes de la Fiscal\u00eda General de Oaxaca al lugar, sin embargo, se percataron de la falta de hologramas, el servidor y equipo de c\u00f3mputo.<\/p>\n\n\n\n<p>Por lo que insistieron en que la auditor\u00eda que se realice a la anterior administraci\u00f3n encabezada por Hip\u00f3crates Nolasco Cancino, durante nueve a\u00f1os, sea en distintas materias, tanto en lo administrativa ante el desconocimiento del manejo de los ingresos millonarios, como en las certificaciones que emitieron.<\/p>\n\n\n\n<figure class=\"wp-block-embed-twitter wp-block-embed is-type-rich is-provider-twitter\"><div class=\"wp-block-embed__wrapper\">\n<div class=\"twitter-tweet\"><blockquote class=\"twitter-tweet\" data-lang=\"es\"><p lang=\"es\" dir=\"ltr\">Este lunes, en conferencia de prensa, integrantes y directivos del <a href=\"https:\/\/twitter.com\/CrmMezcal?ref_src=twsrc%5Etfw\">@CrmMezcal<\/a> confirmaron el saqueo a las oficinas del organismo en la capital oaxaque\u00f1a. <br>Denunciaron la opacidad conque se condujo el ex presidente, <a href=\"https:\/\/twitter.com\/Hipocrates_NC?ref_src=twsrc%5Etfw\">@Hipocrates_NC<\/a>. <a href=\"https:\/\/t.co\/bQg5BXbuZ7\">pic.twitter.com\/bQg5BXbuZ7<\/a><\/p>&mdash; Zona Roja Oaxaca (@Zona_Roja_Oax) <a href=\"https:\/\/twitter.com\/Zona_Roja_Oax\/status\/1394417779936268288?ref_src=twsrc%5Etfw\">17 de mayo de 2021<\/a><\/blockquote><\/div>\n<\/div><\/figure>\n\n\n\n<p>Pues existen versiones que se ha vendido alcohol de ca\u00f1a como mezcal, por lo que, ante el robo de hologramas, se mantendr\u00e1n atentos de que no sean mal empleados para enga\u00f1ar al consumidor.<\/p>\n\n\n\n<p>Abelino Cohetero apunt\u00f3 que si es necesario, se contratar\u00e1n servicios de un laboratorio para cumplir con el proceso de comercializaci\u00f3n de los mezcaleros, pues a\u00fan desconocen en qu\u00e9 t\u00e9rminos puedan quedar respecto a los servicios del laboratorio actual que son propiedad de Nolasco Cancino.<\/p>\n\n\n\n<p>El nuevo presidente llam\u00f3 a Hip\u00f3crates Nolasco a realizar la entrega recepci\u00f3n de forma pac\u00edfica, y con ese acto demuestre el supuesto inter\u00e9s que tiene a la comunidad mezcalera.<\/p>\n\n\n\n<p>Cohetero Villegas refrend\u00f3 su compromiso con los productores para trabajar a favor de todos, luego que durante casi una d\u00e9cada la mayor parte de los mezcaleros estuvieron olvidados por este organismo.<\/p>\n","protected":false},"excerpt":{"rendered":"<p>Yuridiana Sosa\/Zona Roja. Oaxaca de Ju\u00e1rez, Oax., 17 de mayo de 2021.- Hologramas, como equipo&hellip;<\/p>\n","protected":false},"author":2,"featured_media":27351,"comment_status":"closed","ping_status":"open","sticky":false,"template":"","format":"standard","meta":{"_lmt_disableupdate":"","_lmt_disable":"","_jetpack_memberships_contains_paid_content":false,"footnotes":""},"categories":[109,46],"tags":[2684,2688],"class_list":["post-27350","post","type-post","status-publish","format-standard","has-post-thumbnail","hentry","category-minuto-a-minuto","category-zona-blanca","tag-abelino-cohetero-villegas","tag-consejo-mexicano-regulador-de-la-calidad-del-mezcal-comercam"],"jetpack_featured_media_url":"https:\/\/zonaroja.com.mx\/wp-content\/uploads\/2021\/05\/Conferencia-mezcaleros-Comercam.jpg","jetpack_sharing_enabled":true,"_links":{"self":[{"href":"https:\/\/zonaroja.com.mx\/index.php?rest_route=\/wp\/v2\/posts\/27350","targetHints":{"allow":["GET"]}}],"collection":[{"href":"https:\/\/zonaroja.com.mx\/index.php?rest_route=\/wp\/v2\/posts"}],"about":[{"href":"https:\/\/zonaroja.com.mx\/index.php?rest_route=\/wp\/v2\/types\/post"}],"author":[{"embeddable":true,"href":"https:\/\/zonaroja.com.mx\/index.php?rest_route=\/wp\/v2\/users\/2"}],"replies":[{"embeddable":true,"href":"https:\/\/zonaroja.com.mx\/index.php?rest_route=%2Fwp%2Fv2%2Fcomments&post=27350"}],"version-history":[{"count":1,"href":"https:\/\/zonaroja.com.mx\/index.php?rest_route=\/wp\/v2\/posts\/27350\/revisions"}],"predecessor-version":[{"id":27352,"href":"https:\/\/zonaroja.com.mx\/index.php?rest_route=\/wp\/v2\/posts\/27350\/revisions\/27352"}],"wp:featuredmedia":[{"embeddable":true,"href":"https:\/\/zonaroja.com.mx\/index.php?rest_route=\/wp\/v2\/media\/27351"}],"wp:attachment":[{"href":"https:\/\/zonaroja.com.mx\/index.php?rest_route=%2Fwp%2Fv2%2Fmedia&parent=27350"}],"wp:term":[{"taxonomy":"category","embeddable":true,"href":"https:\/\/zonaroja.com.mx\/index.php?rest_route=%2Fwp%2Fv2%2Fcategories&post=27350"},{"taxonomy":"post_tag","embeddable":true,"href":"https:\/\/zonaroja.com.mx\/index.php?rest_route=%2Fwp%2Fv2%2Ftags&post=27350"}],"curies":[{"name":"wp","href":"https:\/\/api.w.org\/{rel}","templated":true}]}}