{"id":27353,"date":"2021-05-17T21:41:50","date_gmt":"2021-05-18T02:41:50","guid":{"rendered":"http:\/\/www.zonaroja.com.mx\/?p=27353"},"modified":"2021-05-17T21:41:53","modified_gmt":"2021-05-18T02:41:53","slug":"por-feminicidio-de-casandra-en-tuxtepec-vinculan-a-proceso-a-estudiantes","status":"publish","type":"post","link":"https:\/\/zonaroja.com.mx\/?p=27353","title":{"rendered":"Por feminicidio de Casandra en Tuxtepec, vinculan a proceso a estudiantes"},"content":{"rendered":"\n<p>Yuridiana Sosa\/Zona Roja.<\/p>\n\n\n\n<p>Oaxaca de Ju\u00e1rez, Oax., 17 de mayo de 2021.- La Fiscal\u00eda General de Oaxaca vincul\u00f3 a proceso al presunto feminicida de Casandra R. S. ocurrido, en mayo de 2020 en San Juan Bautista Tuxtepec.<\/p>\n\n\n\n<p>Inform\u00f3 que Mart\u00edn F. C probablemente priv\u00f3 de la vida a la joven mujer, pero anteriormente, el pasado 9 de mayo, esta misma persona tambi\u00e9n fue vinculada a proceso por el delito de desaparici\u00f3n cometida por particulares en agravio de F\u00e1tima P. M.<\/p>\n\n\n\n<p>Casandra fue reportada como desaparecida el 6 de mayo de 2020, tras salir de casa en la colonia San Antonio, para ir a una cita de trabajo, contacto que realiz\u00f3 por Facebook.&nbsp;<\/p>\n\n\n\n<p>De acuerdo con la Carpeta de Investigaci\u00f3n 15337\/FCUE\/TUXTEPEC\/2020, el pasado 6 de mayo de 2020 el imputado &#8211;en complicidad con otro hombre identificado como O. B. G.&#8211; contact\u00f3 a la v\u00edctima a trav\u00e9s de redes sociales para ofrecerle trabajo.<\/p>\n\n\n\n<p>La Fiscal\u00eda detall\u00f3 que conforme a la investigaci\u00f3n, la joven mujer al llegar a la cita la trasladaron al paraje \u201cLos Girasoles\u201d, ubicado en inmediaciones del camino \u201cPorvenir\u201d, perteneciente al referido municipio de la Cuenca del Papaloapan.<\/p>\n\n\n\n<p>En el lugar el imputado Mart\u00edn F. C. probablemente priv\u00f3 de la vida a la v\u00edctima y posteriormente inhum\u00f3 el cuerpo sin vida, en inmediaciones del paraje antes mencionado.<\/p>\n\n\n\n<p>La Instituci\u00f3n de procuraci\u00f3n de justicia dijo que primero se logr\u00f3 la aprehensi\u00f3n de un var\u00f3n identificado como O. B. G., quien actualmente tambi\u00e9n se encuentra vinculado a proceso por ese hecho y posteriormente se ejecut\u00f3 la orden de aprehensi\u00f3n contra M. F. C., quien presuntamente es el segundo implicado en este delito.<\/p>\n\n\n\n<p>Indic\u00f3 que en audiencia y tras validar los datos de prueba proporcionados por dicha dependencia, el Juez en turno determin\u00f3 vincular a proceso a M. F. C., imponi\u00e9ndole la medida cautelar de prisi\u00f3n preventiva oficiosa y otorgando dos meses para el cierre de investigaci\u00f3n complementaria.<\/p>\n\n\n\n<p>ANTECEDENTES<\/p>\n\n\n\n<p>En junio pasado, en un operativo de b\u00fasqueda, en predios de la comunidad de Zacate Colorado, Tuxtepec, fue localizado el cuerpo de Casandra, el cual se encontr\u00f3 completo, en posici\u00f3n fetal, mientras que sus prendas fueron enterradas en otra fosa.<\/p>\n\n\n\n<p>La autoridad judicial inform\u00f3 en ese entonces que en el operativo tambi\u00e9n se localizaron m\u00e1s de 500 fragmentos \u00f3seos, sin identificar.<\/p>\n\n\n\n<p>F\u00e1tima P. tambi\u00e9n desapareci\u00f3, al asistir a una cita de trabajo en marzo de 2020; ella y Casandra fueron citadas en lugares cercanos al predio donde fueron localizados sus restos.<\/p>\n\n\n\n<p>SIN PISTA DE ITZEL<\/p>\n\n\n\n<p>El 14 de abril de 2020, Itzel Gonz\u00e1lez tambi\u00e9n desapareci\u00f3 en Tuxtepec y a pesar que existen personas detenidas por las desapariciones de otras j\u00f3venes, su familia inform\u00f3 el pasado 14 de mayo que a\u00fan desconocen qu\u00e9 ocurri\u00f3 con ella.<\/p>\n\n\n\n<p>La familia mantiene la esperanza y la b\u00fasqueda para localizar a la estudiante de enfermer\u00eda.<\/p>\n\n\n\n<p>\u201cLas personas involucradas en t\u00fa desaparici\u00f3n siguen sin confesar que hicieron contigo, ese joven Mart\u00edn que es el responsable de todo no da pista de tu paradero con el pretexto de que tambi\u00e9n tiene derecho y las autoridades no han hecho nada por hacerte confesar\u201d, escribi\u00f3 su familia por medio del perfil de Facebook dedicado a la b\u00fasqueda de la joven.<\/p>\n\n\n\n<p>El texto escrito tras la vinculaci\u00f3n de M.F. C. el pasado 9 de mayo tambi\u00e9n dice: \u201cAhora est\u00e1s acusado de m\u00e1s delitos y ya no sabemos qu\u00e9 pensar, si realmente es as\u00ed o s\u00f3lo le quieren dar carpetazo al asunto\u201d.<\/p>\n\n\n\n<p>Por lo que la familia mantiene la exigencia de la localizaci\u00f3n de Itzel y justicia por los hechos.<\/p>\n","protected":false},"excerpt":{"rendered":"<p>Yuridiana Sosa\/Zona Roja. Oaxaca de Ju\u00e1rez, Oax., 17 de mayo de 2021.- La Fiscal\u00eda General&hellip;<\/p>\n","protected":false},"author":2,"featured_media":13664,"comment_status":"closed","ping_status":"open","sticky":false,"template":"","format":"standard","meta":{"_lmt_disableupdate":"","_lmt_disable":"","_jetpack_memberships_contains_paid_content":false,"footnotes":""},"categories":[109,47],"tags":[1663],"class_list":["post-27353","post","type-post","status-publish","format-standard","has-post-thumbnail","hentry","category-minuto-a-minuto","category-zona-gris","tag-casandra-ramirez-salomon"],"jetpack_featured_media_url":"https:\/\/zonaroja.com.mx\/wp-content\/uploads\/2020\/06\/Detenido-caso-Casandra.jpg","jetpack_sharing_enabled":true,"_links":{"self":[{"href":"https:\/\/zonaroja.com.mx\/index.php?rest_route=\/wp\/v2\/posts\/27353","targetHints":{"allow":["GET"]}}],"collection":[{"href":"https:\/\/zonaroja.com.mx\/index.php?rest_route=\/wp\/v2\/posts"}],"about":[{"href":"https:\/\/zonaroja.com.mx\/index.php?rest_route=\/wp\/v2\/types\/post"}],"author":[{"embeddable":true,"href":"https:\/\/zonaroja.com.mx\/index.php?rest_route=\/wp\/v2\/users\/2"}],"replies":[{"embeddable":true,"href":"https:\/\/zonaroja.com.mx\/index.php?rest_route=%2Fwp%2Fv2%2Fcomments&post=27353"}],"version-history":[{"count":1,"href":"https:\/\/zonaroja.com.mx\/index.php?rest_route=\/wp\/v2\/posts\/27353\/revisions"}],"predecessor-version":[{"id":27354,"href":"https:\/\/zonaroja.com.mx\/index.php?rest_route=\/wp\/v2\/posts\/27353\/revisions\/27354"}],"wp:featuredmedia":[{"embeddable":true,"href":"https:\/\/zonaroja.com.mx\/index.php?rest_route=\/wp\/v2\/media\/13664"}],"wp:attachment":[{"href":"https:\/\/zonaroja.com.mx\/index.php?rest_route=%2Fwp%2Fv2%2Fmedia&parent=27353"}],"wp:term":[{"taxonomy":"category","embeddable":true,"href":"https:\/\/zonaroja.com.mx\/index.php?rest_route=%2Fwp%2Fv2%2Fcategories&post=27353"},{"taxonomy":"post_tag","embeddable":true,"href":"https:\/\/zonaroja.com.mx\/index.php?rest_route=%2Fwp%2Fv2%2Ftags&post=27353"}],"curies":[{"name":"wp","href":"https:\/\/api.w.org\/{rel}","templated":true}]}}