{"id":27358,"date":"2021-05-17T22:15:38","date_gmt":"2021-05-18T03:15:38","guid":{"rendered":"http:\/\/www.zonaroja.com.mx\/?p=27358"},"modified":"2021-05-17T22:15:40","modified_gmt":"2021-05-18T03:15:40","slug":"firma-hernandez-fraguas-compromiso-para-atender-a-ninez-con-cancer","status":"publish","type":"post","link":"https:\/\/zonaroja.com.mx\/?p=27358","title":{"rendered":"Firma Hern\u00e1ndez Fraguas compromiso para atender a ni\u00f1ez con c\u00e1ncer"},"content":{"rendered":"\n<p>Redacci\u00f3n\/Zona Roja.<\/p>\n\n\n\n<p>Oaxaca de Ju\u00e1rez, Oax., 17 de mayo 2021.- Jos\u00e9 Antonio Hern\u00e1ndez Fraguas, candidato a diputado federal por el distrito VIII, asumi\u00f3 como una de sus principales compromisos, trabajar en pro y por el bienestar de la poblaci\u00f3n mexicana diagnosticada con c\u00e1ncer.<\/p>\n\n\n\n<p>Es por ello que firm\u00f3 la Carta Compromiso #ElC\u00e1ncerEnLaAgenda, que promueven 50 organizaciones enfocadas en la lucha contra esta enfermedad.<\/p>\n\n\n\n<p>\u201cSoy consciente de la triple batalla que hoy enfrentan las ni\u00f1as, ni\u00f1os, adolescentes, mujeres y hombres diagnosticados con c\u00e1ncer a quienes el Gobierno Federal les quit\u00f3 el apoyo a medicamentos y quimioterapias gratuitas\u201d, conden\u00f3 el abanderado de la coalici\u00f3n PRI, PAN y PRD.<\/p>\n\n\n\n<figure class=\"wp-block-embed-twitter wp-block-embed is-type-rich is-provider-twitter\"><div class=\"wp-block-embed__wrapper\">\n<div class=\"twitter-tweet\"><blockquote class=\"twitter-tweet\" data-lang=\"es\"><p lang=\"es\" dir=\"ltr\">Queremos que las ni\u00f1as y los ni\u00f1os de Oaxaca tengan un desarrollo integral, es por ello que, preocupados por su bienestar, hoy firmamos el <a href=\"https:\/\/twitter.com\/hashtag\/PactoPorLaPrimeraInfancia?src=hash&amp;ref_src=twsrc%5Etfw\">#PactoPorLaPrimeraInfancia<\/a>. <br><br>Nuestro compromiso es a\u00fan mayor con la infancia de M\u00e9xico. \ud83d\udc67\ud83c\udffb\ud83d\udc66\ud83c\udffb \ud83c\uddf2\ud83c\uddfd<a href=\"https:\/\/twitter.com\/hashtag\/LaNi%C3%B1ezImporta?src=hash&amp;ref_src=twsrc%5Etfw\">#LaNi\u00f1ezImporta<\/a> <a href=\"https:\/\/twitter.com\/Pacto1aInfancia?ref_src=twsrc%5Etfw\">@Pacto1aInfancia<\/a> <a href=\"https:\/\/t.co\/Eghw1ZL3n9\">pic.twitter.com\/Eghw1ZL3n9<\/a><\/p>&mdash; To\u00f1o Hern\u00e1ndez Fraguas (@JAHFraguas) <a href=\"https:\/\/twitter.com\/JAHFraguas\/status\/1394488569327235072?ref_src=twsrc%5Etfw\">18 de mayo de 2021<\/a><\/blockquote><\/div>\n<\/div><\/figure>\n\n\n\n<p>A su llegada a la C\u00e1mara de Diputados, To\u00f1o Fraguas atender\u00e1 de manera inmediata el desabasto real y existente de medicamentos oncol\u00f3gicos para menores y adultos, con la defensa y el aumento en el presupuesto p\u00fablico enfocado a la prevenci\u00f3n, diagn\u00f3stico, tratamiento e investigaci\u00f3n del c\u00e1ncer.<\/p>\n\n\n\n<p>Asimismo, junto con la candidata Mariana Nassar Pi\u00f1eyro dijo que incorporar\u00e1n la atenci\u00f3n de todos los tipos de c\u00e1nceres en el Compendio Nacional de Insumos para la Salud del Instituto Nacional de Salud para el Bienestar (INSABI), sistema que fue impuesto por el Gobierno Federal, y el cual hasta el d\u00eda de hoy no cuenta con reglas de operaci\u00f3n.<\/p>\n\n\n\n<p>\u201cGarantizaremos que el Compendio Nacional de Insumos para la Salud sea igual para todas las Instituciones, es decir, universal\u201d, enfatiz\u00f3 el candidato de la alianza \u201cVa por Oaxaca\u201d.<\/p>\n","protected":false},"excerpt":{"rendered":"<p>Redacci\u00f3n\/Zona Roja. Oaxaca de Ju\u00e1rez, Oax., 17 de mayo 2021.- Jos\u00e9 Antonio Hern\u00e1ndez Fraguas, candidato&hellip;<\/p>\n","protected":false},"author":2,"featured_media":27359,"comment_status":"closed","ping_status":"open","sticky":false,"template":"","format":"standard","meta":{"_lmt_disableupdate":"","_lmt_disable":"","_jetpack_memberships_contains_paid_content":false,"footnotes":""},"categories":[109,46],"tags":[2592],"class_list":["post-27358","post","type-post","status-publish","format-standard","has-post-thumbnail","hentry","category-minuto-a-minuto","category-zona-blanca","tag-jose-antonio-hernandez-fraguas"],"jetpack_featured_media_url":"https:\/\/zonaroja.com.mx\/wp-content\/uploads\/2021\/05\/Jose-Antonio-Hernandez-Fraguas-4.jpg","jetpack_sharing_enabled":true,"_links":{"self":[{"href":"https:\/\/zonaroja.com.mx\/index.php?rest_route=\/wp\/v2\/posts\/27358","targetHints":{"allow":["GET"]}}],"collection":[{"href":"https:\/\/zonaroja.com.mx\/index.php?rest_route=\/wp\/v2\/posts"}],"about":[{"href":"https:\/\/zonaroja.com.mx\/index.php?rest_route=\/wp\/v2\/types\/post"}],"author":[{"embeddable":true,"href":"https:\/\/zonaroja.com.mx\/index.php?rest_route=\/wp\/v2\/users\/2"}],"replies":[{"embeddable":true,"href":"https:\/\/zonaroja.com.mx\/index.php?rest_route=%2Fwp%2Fv2%2Fcomments&post=27358"}],"version-history":[{"count":1,"href":"https:\/\/zonaroja.com.mx\/index.php?rest_route=\/wp\/v2\/posts\/27358\/revisions"}],"predecessor-version":[{"id":27360,"href":"https:\/\/zonaroja.com.mx\/index.php?rest_route=\/wp\/v2\/posts\/27358\/revisions\/27360"}],"wp:featuredmedia":[{"embeddable":true,"href":"https:\/\/zonaroja.com.mx\/index.php?rest_route=\/wp\/v2\/media\/27359"}],"wp:attachment":[{"href":"https:\/\/zonaroja.com.mx\/index.php?rest_route=%2Fwp%2Fv2%2Fmedia&parent=27358"}],"wp:term":[{"taxonomy":"category","embeddable":true,"href":"https:\/\/zonaroja.com.mx\/index.php?rest_route=%2Fwp%2Fv2%2Fcategories&post=27358"},{"taxonomy":"post_tag","embeddable":true,"href":"https:\/\/zonaroja.com.mx\/index.php?rest_route=%2Fwp%2Fv2%2Ftags&post=27358"}],"curies":[{"name":"wp","href":"https:\/\/api.w.org\/{rel}","templated":true}]}}