{"id":27361,"date":"2021-05-17T22:35:12","date_gmt":"2021-05-18T03:35:12","guid":{"rendered":"http:\/\/www.zonaroja.com.mx\/?p=27361"},"modified":"2021-05-17T22:35:15","modified_gmt":"2021-05-18T03:35:15","slug":"deja-el-fin-de-semana-44-casos-nuevos-de-covid-19-en-oaxaca","status":"publish","type":"post","link":"https:\/\/zonaroja.com.mx\/?p=27361","title":{"rendered":"Deja el fin de semana 44 casos nuevos de Covid-19 en Oaxaca"},"content":{"rendered":"\n<p>Redacci\u00f3n\/Zona Roja.<\/p>\n\n\n\n<p>Oaxaca de Ju\u00e1rez, Oax., 17 de mayo de 2021.- Los Servicios de Salud de Oaxaca (SSO), reportaron que al corte epidemiol\u00f3gico de este lunes 17 de mayo se han registrado durante el fin de semana -del 15 al 17 de mayo- 44 casos nuevos de COVID-19, sumando 46 mil 746 casos acumulados.<\/p>\n\n\n\n<p>Adem\u00e1s de registrarse una defunci\u00f3n en las \u00faltimas 24 horas, por lo que ahora el registro de decesos es de tres mil 649 de manera acumulada; a la fecha hay 243 casos activos.<\/p>\n\n\n\n<p>En un comunicado, la instituci\u00f3n dijo que se han notificado 77 mil 150 casos, de los cuales 25 mil 730 han sido negativos, hay cuatro mil 674 casos sospechosos y 42 mil 854 se han recuperado.<\/p>\n\n\n\n<p>En relaci\u00f3n a la Jurisdicci\u00f3n Sanitaria n\u00famero uno Valles Centrales, se han contabilizado 31 mil 839 casos confirmados y mil 876 defunciones; Istmo 4 mil 007 y 661 muertes; Tuxtepec dos mil 910 y 347 decesos; Costa dos mil 374 y 253 p\u00e9rdidas de vidas, Mixteca tres mil 970 y 345; la Sierra mil 646 y 167 defunciones.<\/p>\n\n\n\n<p>Los 44 casos nuevos registrados durante los d\u00edas 15,16 y 17 de mayo se distribuyen en 21 municipios, siendo el de Oaxaca de Ju\u00e1rez el que contabiliza 19, San Pedro Mixtepec tres, Asunci\u00f3n Ixtaltepec, Santa Luc\u00eda del Camino y Santa Mar\u00eda Atzompa dos casos cada uno; el resto un solo caso.<\/p>\n\n\n\n<figure class=\"wp-block-embed-twitter wp-block-embed is-type-rich is-provider-twitter\"><div class=\"wp-block-embed__wrapper\">\n<div class=\"twitter-tweet\"><blockquote class=\"twitter-tweet\" data-lang=\"es\"><p lang=\"es\" dir=\"ltr\"><a href=\"https:\/\/twitter.com\/hashtag\/%C3%9AltimoMinuto?src=hash&amp;ref_src=twsrc%5Etfw\">#\u00daltimoMinuto<\/a><br>Con respecto a <a href=\"https:\/\/twitter.com\/hashtag\/Oaxaca?src=hash&amp;ref_src=twsrc%5Etfw\">#Oaxaca<\/a>, los Servicios de Salud reportaron este lunes una muerte por Covid, para alcanzar la cifra de tres mil 649 decesos.<br>Asimismo, 22 casos positivos \u201344 durante el fin de semana&#8211;, para un total de 46 mil 746 casos confirmados.<a href=\"https:\/\/twitter.com\/hashtag\/Qu%C3%A9dateEnCasa?src=hash&amp;ref_src=twsrc%5Etfw\">#Qu\u00e9dateEnCasa<\/a> <a href=\"https:\/\/t.co\/MlOcmigoHY\">pic.twitter.com\/MlOcmigoHY<\/a><\/p>&mdash; Zona Roja Oaxaca (@Zona_Roja_Oax) <a href=\"https:\/\/twitter.com\/Zona_Roja_Oax\/status\/1394470241892282372?ref_src=twsrc%5Etfw\">18 de mayo de 2021<\/a><\/blockquote><\/div>\n<\/div><\/figure>\n\n\n\n<p>Dio a conocer que en relaci\u00f3n a Eventos Supuestamente Atribuibles a la Vacunaci\u00f3n e Inmunizaci\u00f3n (ESAVI) por la vacuna Pfizer-BioNTech, se han notificado en total 636 casos, nueve graves y 627 no graves, los s\u00edntomas fueron cefalea, dolor o sensibilidad local, astenia y mialgias.<\/p>\n\n\n\n<p>En relaci\u00f3n a la vacuna de AstraZeneca, se notificaron nueve casos en la primera dosis no graves, cinco mujeres y cuatro hombres presentaron principalmente cefalea, fiebre, escalosfr\u00edos, y mialgias. De la vacuna SINOVAC se notificaron 28 casos, hubo dos graves y 26 no graves, presentaron dolor o sensibilidad local, adinamia, astenia y mareos.&nbsp;&nbsp;&nbsp;<\/p>\n\n\n\n<p>De la vacuna Cansino Biologics se han notificado 49 casos, todos en primera dosis; tres graves y&nbsp; 46 no graves, los s\u00edntomas que presentaron fueron astenia, adinamia, n\u00e1useas y mareos.<\/p>\n\n\n\n<p>Referente a la ocupaci\u00f3n hospitalaria, en la Jurisdicci\u00f3n Sanitaria n\u00famero uno Valles Centrales, es el 19.1%, Istmo 13.8 %, Tuxtepec 25%, Costa 25.5%, Mixteca 13.2% y la Sierra 0%.<\/p>\n\n\n\n<p>Hay 540 camas en total para la atenci\u00f3n de pacientes COVID-19, de las cuales 99 est\u00e1n ocupadas y disponibles 441, siete hospitales registran un 100% de ocupaci\u00f3n, hay 16 nuevos hospitalizados.<\/p>\n","protected":false},"excerpt":{"rendered":"<p>Redacci\u00f3n\/Zona Roja. Oaxaca de Ju\u00e1rez, Oax., 17 de mayo de 2021.- Los Servicios de Salud&hellip;<\/p>\n","protected":false},"author":2,"featured_media":27362,"comment_status":"closed","ping_status":"open","sticky":false,"template":"","format":"standard","meta":{"_lmt_disableupdate":"","_lmt_disable":"","_jetpack_memberships_contains_paid_content":false,"footnotes":""},"categories":[1],"tags":[],"class_list":["post-27361","post","type-post","status-publish","format-standard","has-post-thumbnail","hentry","category-sin-categoria"],"jetpack_featured_media_url":"https:\/\/zonaroja.com.mx\/wp-content\/uploads\/2021\/05\/Covid-Oaxaca.jpg","jetpack_sharing_enabled":true,"_links":{"self":[{"href":"https:\/\/zonaroja.com.mx\/index.php?rest_route=\/wp\/v2\/posts\/27361","targetHints":{"allow":["GET"]}}],"collection":[{"href":"https:\/\/zonaroja.com.mx\/index.php?rest_route=\/wp\/v2\/posts"}],"about":[{"href":"https:\/\/zonaroja.com.mx\/index.php?rest_route=\/wp\/v2\/types\/post"}],"author":[{"embeddable":true,"href":"https:\/\/zonaroja.com.mx\/index.php?rest_route=\/wp\/v2\/users\/2"}],"replies":[{"embeddable":true,"href":"https:\/\/zonaroja.com.mx\/index.php?rest_route=%2Fwp%2Fv2%2Fcomments&post=27361"}],"version-history":[{"count":1,"href":"https:\/\/zonaroja.com.mx\/index.php?rest_route=\/wp\/v2\/posts\/27361\/revisions"}],"predecessor-version":[{"id":27363,"href":"https:\/\/zonaroja.com.mx\/index.php?rest_route=\/wp\/v2\/posts\/27361\/revisions\/27363"}],"wp:featuredmedia":[{"embeddable":true,"href":"https:\/\/zonaroja.com.mx\/index.php?rest_route=\/wp\/v2\/media\/27362"}],"wp:attachment":[{"href":"https:\/\/zonaroja.com.mx\/index.php?rest_route=%2Fwp%2Fv2%2Fmedia&parent=27361"}],"wp:term":[{"taxonomy":"category","embeddable":true,"href":"https:\/\/zonaroja.com.mx\/index.php?rest_route=%2Fwp%2Fv2%2Fcategories&post=27361"},{"taxonomy":"post_tag","embeddable":true,"href":"https:\/\/zonaroja.com.mx\/index.php?rest_route=%2Fwp%2Fv2%2Ftags&post=27361"}],"curies":[{"name":"wp","href":"https:\/\/api.w.org\/{rel}","templated":true}]}}