{"id":27367,"date":"2021-05-18T07:56:44","date_gmt":"2021-05-18T12:56:44","guid":{"rendered":"http:\/\/www.zonaroja.com.mx\/?p=27367"},"modified":"2021-05-18T07:57:55","modified_gmt":"2021-05-18T12:57:55","slug":"suman-12-horas-incomunicacion-carretera-de-valles-centrales-con-istmo","status":"publish","type":"post","link":"https:\/\/zonaroja.com.mx\/?p=27367","title":{"rendered":"Suman 12 horas incomunicaci\u00f3n carretera de Valles Centrales con Istmo"},"content":{"rendered":"\n<p>Redacci\u00f3n\/Zona Roja.<\/p>\n\n\n\n<p>Oaxaca de Ju\u00e1rez, Oax., 17 de mayo de 2021.- A 12 horas del cierre de la carretera federal 190, Oaxaca-Istmo, en jurisdicci\u00f3n de San Pedro Totol\u00e1pam, la Secretar\u00eda de Comunicaciones y Transportes (SCT) no ha iniciado los trabajos de reparaci\u00f3n.<\/p>\n\n\n\n<p>Fue ayer alrededor de las 18:00 horas que las intensas lluvias generaron deslaves y crecidas de r\u00edos, que provocaron el corte de la vialidad, a la altura del kil\u00f3metro 83, lo que suspendi\u00f3 totalmente el tr\u00e1nsito de veh\u00edculos en ambos sentidos de circulaci\u00f3n.<\/p>\n\n\n\n<p>Sin embargo, apenas la madrugada de hoy, la SCT habr\u00eda enviado maquinaria para despejar los derrumbes e iniciar los trabajos de reparaci\u00f3n.<\/p>\n\n\n\n<p>Mientras tanto transportistas y automovilistas s\u00f3lo tienen como opci\u00f3n viajar del Istmo a la Costa y hacia Valles Centrales; o del Istmo a la Cuenca hacia Valles Centrales.<\/p>\n\n\n\n<figure class=\"wp-block-embed-twitter wp-block-embed is-type-rich is-provider-twitter\"><div class=\"wp-block-embed__wrapper\">\n<div class=\"twitter-tweet\"><blockquote class=\"twitter-tweet\" data-lang=\"es\"><p lang=\"es\" dir=\"ltr\"><a href=\"https:\/\/twitter.com\/hashtag\/%C3%9AltimoMinuto?src=hash&amp;ref_src=twsrc%5Etfw\">#\u00daltimoMinuto<\/a> <br>Estos son otros aspectos de la forma en que fue trozada la carretera federal 190, <a href=\"https:\/\/twitter.com\/hashtag\/Oaxaca?src=hash&amp;ref_src=twsrc%5Etfw\">#Oaxaca<\/a>-Istmo, en inmediaciones de San Pedro <a href=\"https:\/\/twitter.com\/hashtag\/Totol%C3%A1pam?src=hash&amp;ref_src=twsrc%5Etfw\">#Totol\u00e1pam<\/a>, por las intensas lluvias. <br>Est\u00e1 suspendido el tr\u00e1nsito vehicular en ambos sentidos. <a href=\"https:\/\/t.co\/MQBjCH0fqv\">pic.twitter.com\/MQBjCH0fqv<\/a><\/p>&mdash; Zona Roja Oaxaca (@Zona_Roja_Oax) <a href=\"https:\/\/twitter.com\/Zona_Roja_Oax\/status\/1394460529922494471?ref_src=twsrc%5Etfw\">18 de mayo de 2021<\/a><\/blockquote><\/div>\n<\/div><\/figure>\n\n\n\n<p>Por otra parte, de acuerdo con la Coordinaci\u00f3n Estatal de Protecci\u00f3n Civil, las lluvias y granizadas afectaron al menos tres regiones del estado, Valles, Mixteca y Cuenca.<\/p>\n\n\n\n<p>En la comunidad de Magdalena Yodocono de Porfirio D\u00edaz, regi\u00f3n de la Mixteca, se report\u00f3 una granizada la cual, en reportes preliminares de Protecci\u00f3n Civil Municipal, hubo cerca de 50 viviendas con ca\u00edda de techos, adem\u00e1s de inundaciones de terrenos de cultivos y da\u00f1os en muebles. El granizo alcanz\u00f3 un nivel de 50 cent\u00edmetros, aproximadamente.<\/p>\n\n\n\n<p>Tambi\u00e9n vientos fuertes en la Cuenca del Papaloapan causaron da\u00f1os en techos de viviendas de materiales endebles; de acuerdo con reportes de personal de la CEPCO la lluvia alcanz\u00f3 entre los 40 a 50 mil\u00edmetros en tan solo una hora.<\/p>\n\n\n\n<p>En Santa Luc\u00eda del Camino, Ciudad Universitaria, Cinco Se\u00f1ores, Avenida Ferrocarril y La Experimental de San Antonio de la Cal, se presentaron encharcamientos importantes.<\/p>\n","protected":false},"excerpt":{"rendered":"<p>Redacci\u00f3n\/Zona Roja. Oaxaca de Ju\u00e1rez, Oax., 17 de mayo de 2021.- A 12 horas del&hellip;<\/p>\n","protected":false},"author":2,"featured_media":27368,"comment_status":"closed","ping_status":"open","sticky":false,"template":"","format":"standard","meta":{"_lmt_disableupdate":"","_lmt_disable":"","_jetpack_memberships_contains_paid_content":false,"footnotes":""},"categories":[109,47],"tags":[848],"class_list":["post-27367","post","type-post","status-publish","format-standard","has-post-thumbnail","hentry","category-minuto-a-minuto","category-zona-gris","tag-danos-lluvias-oaxaca"],"jetpack_featured_media_url":"https:\/\/zonaroja.com.mx\/wp-content\/uploads\/2021\/05\/Carretera-190-lluvias.jpg","jetpack_sharing_enabled":true,"_links":{"self":[{"href":"https:\/\/zonaroja.com.mx\/index.php?rest_route=\/wp\/v2\/posts\/27367","targetHints":{"allow":["GET"]}}],"collection":[{"href":"https:\/\/zonaroja.com.mx\/index.php?rest_route=\/wp\/v2\/posts"}],"about":[{"href":"https:\/\/zonaroja.com.mx\/index.php?rest_route=\/wp\/v2\/types\/post"}],"author":[{"embeddable":true,"href":"https:\/\/zonaroja.com.mx\/index.php?rest_route=\/wp\/v2\/users\/2"}],"replies":[{"embeddable":true,"href":"https:\/\/zonaroja.com.mx\/index.php?rest_route=%2Fwp%2Fv2%2Fcomments&post=27367"}],"version-history":[{"count":3,"href":"https:\/\/zonaroja.com.mx\/index.php?rest_route=\/wp\/v2\/posts\/27367\/revisions"}],"predecessor-version":[{"id":27371,"href":"https:\/\/zonaroja.com.mx\/index.php?rest_route=\/wp\/v2\/posts\/27367\/revisions\/27371"}],"wp:featuredmedia":[{"embeddable":true,"href":"https:\/\/zonaroja.com.mx\/index.php?rest_route=\/wp\/v2\/media\/27368"}],"wp:attachment":[{"href":"https:\/\/zonaroja.com.mx\/index.php?rest_route=%2Fwp%2Fv2%2Fmedia&parent=27367"}],"wp:term":[{"taxonomy":"category","embeddable":true,"href":"https:\/\/zonaroja.com.mx\/index.php?rest_route=%2Fwp%2Fv2%2Fcategories&post=27367"},{"taxonomy":"post_tag","embeddable":true,"href":"https:\/\/zonaroja.com.mx\/index.php?rest_route=%2Fwp%2Fv2%2Ftags&post=27367"}],"curies":[{"name":"wp","href":"https:\/\/api.w.org\/{rel}","templated":true}]}}