{"id":27375,"date":"2021-05-18T08:14:16","date_gmt":"2021-05-18T13:14:16","guid":{"rendered":"http:\/\/www.zonaroja.com.mx\/?p=27375"},"modified":"2021-05-18T08:14:19","modified_gmt":"2021-05-18T13:14:19","slug":"enfoque-de-genero-y-pluralismo-retos-en-materia-de-justicia","status":"publish","type":"post","link":"https:\/\/zonaroja.com.mx\/?p=27375","title":{"rendered":"Enfoque de g\u00e9nero y pluralismo, retos en materia de justicia"},"content":{"rendered":"\n<p>Redacci\u00f3n\/Zona Roja.<\/p>\n\n\n\n<p>Oaxaca de Ju\u00e1rez, Oax., 18 de mayo de 2021.- La directora de Derechos Humanos del Consejo de la Judicatura del Poder Judicial del Estado se\u00f1al\u00f3 que la perspectiva de g\u00e9nero comprende diversos conceptos metodol\u00f3gicos que permiten mirar las desigualdades de diversos grupos vulnerables, en particular de las mujeres; de ah\u00ed la gran labor de las y los juzgadores para entender las circunstancias de las personas y asegurar su acceso pleno a la justicia.<\/p>\n\n\n\n<p>En entrevista, resalt\u00f3 que un estado que aspira a ser democr\u00e1tico tiene que poner al centro el tema de la perspectiva de g\u00e9nero, por lo cual, en el caso del derecho, requiere de la actualizaci\u00f3n constante y aportar en la disminuci\u00f3n de la brecha de desigualdad. \u201cLa igualdad denota el desarrollo que todos queremos\u201d, apunt\u00f3.<\/p>\n\n\n\n<p>La servidora p\u00fablica indic\u00f3 que el Poder Judicial del Estado de Oaxaca ha realizado esfuerzos de sensibilizaci\u00f3n y formaci\u00f3n de juezas y jueces en los temas de perspectiva de g\u00e9nero y pluralismo jur\u00eddico, as\u00ed como para la aplicaci\u00f3n de protocolos y metodolog\u00edas sobre estas materias, en la nueva construcci\u00f3n cultural y de conocimientos de las y los profesionales del derecho.<\/p>\n\n\n\n<p>A trav\u00e9s de la Direcci\u00f3n de Derechos Humanos, la instituci\u00f3n ha implementado diversas herramientas y estrategias enfocadas a transversalizar el tema de la perspectiva de g\u00e9nero, tanto al exterior como al interior; entre ellas, la creaci\u00f3n de la Unidad de Igualdad de G\u00e9nero, el seguimiento a la alerta de violencia de g\u00e9nero en la entidad desde el \u00e1mbito que le corresponde y la consolidaci\u00f3n de la Sala Ind\u00edgena, \u00fanica en el pa\u00eds.<\/p>\n\n\n\n<p>Tambi\u00e9n, en colaboraci\u00f3n con otras instituciones de car\u00e1cter educativo y sociedad civil, as\u00ed como organismos del Estado mexicano, se impulsa la formaci\u00f3n continua, con el objetivo de mantener un aprendizaje actualizado, que se refleje en el quehacer diario de juezas, jueces y personal jurisdiccional.<\/p>\n\n\n\n<p>A nivel nacional, Oaxaca es la entidad que concentra el mayor n\u00famero de mujeres con 64 millones 540 mil 634, de acuerdo con el Censo de Poblaci\u00f3n y Vivienda del Instituto Nacional de Estad\u00edstica y Geograf\u00eda (Inegi), realizado en 2020; por este motivo, en el tema de justicia y de la formaci\u00f3n de abogados y abogadas hay grandes retos y oportunidades como son la consolidaci\u00f3n de los enfoques de g\u00e9nero y de pluralismo jur\u00eddico.<\/p>\n","protected":false},"excerpt":{"rendered":"<p>Redacci\u00f3n\/Zona Roja. Oaxaca de Ju\u00e1rez, Oax., 18 de mayo de 2021.- La directora de Derechos&hellip;<\/p>\n","protected":false},"author":2,"featured_media":27376,"comment_status":"closed","ping_status":"open","sticky":false,"template":"","format":"standard","meta":{"_lmt_disableupdate":"","_lmt_disable":"","_jetpack_memberships_contains_paid_content":false,"footnotes":""},"categories":[109,46],"tags":[223],"class_list":["post-27375","post","type-post","status-publish","format-standard","has-post-thumbnail","hentry","category-minuto-a-minuto","category-zona-blanca","tag-poder-judicial-de-oaxaca"],"jetpack_featured_media_url":"https:\/\/zonaroja.com.mx\/wp-content\/uploads\/2021\/05\/Perspectiva-de-genero-en-el-Poder-Judicial.jpeg","jetpack_sharing_enabled":true,"_links":{"self":[{"href":"https:\/\/zonaroja.com.mx\/index.php?rest_route=\/wp\/v2\/posts\/27375","targetHints":{"allow":["GET"]}}],"collection":[{"href":"https:\/\/zonaroja.com.mx\/index.php?rest_route=\/wp\/v2\/posts"}],"about":[{"href":"https:\/\/zonaroja.com.mx\/index.php?rest_route=\/wp\/v2\/types\/post"}],"author":[{"embeddable":true,"href":"https:\/\/zonaroja.com.mx\/index.php?rest_route=\/wp\/v2\/users\/2"}],"replies":[{"embeddable":true,"href":"https:\/\/zonaroja.com.mx\/index.php?rest_route=%2Fwp%2Fv2%2Fcomments&post=27375"}],"version-history":[{"count":1,"href":"https:\/\/zonaroja.com.mx\/index.php?rest_route=\/wp\/v2\/posts\/27375\/revisions"}],"predecessor-version":[{"id":27377,"href":"https:\/\/zonaroja.com.mx\/index.php?rest_route=\/wp\/v2\/posts\/27375\/revisions\/27377"}],"wp:featuredmedia":[{"embeddable":true,"href":"https:\/\/zonaroja.com.mx\/index.php?rest_route=\/wp\/v2\/media\/27376"}],"wp:attachment":[{"href":"https:\/\/zonaroja.com.mx\/index.php?rest_route=%2Fwp%2Fv2%2Fmedia&parent=27375"}],"wp:term":[{"taxonomy":"category","embeddable":true,"href":"https:\/\/zonaroja.com.mx\/index.php?rest_route=%2Fwp%2Fv2%2Fcategories&post=27375"},{"taxonomy":"post_tag","embeddable":true,"href":"https:\/\/zonaroja.com.mx\/index.php?rest_route=%2Fwp%2Fv2%2Ftags&post=27375"}],"curies":[{"name":"wp","href":"https:\/\/api.w.org\/{rel}","templated":true}]}}