{"id":27381,"date":"2021-05-18T08:24:27","date_gmt":"2021-05-18T13:24:27","guid":{"rendered":"http:\/\/www.zonaroja.com.mx\/?p=27381"},"modified":"2021-05-18T08:24:32","modified_gmt":"2021-05-18T13:24:32","slug":"cientos-de-militantes-de-morena-se-suman-al-proyecto-de-villacana","status":"publish","type":"post","link":"https:\/\/zonaroja.com.mx\/?p=27381","title":{"rendered":"Cientos de militantes de Morena se suman al proyecto de Villaca\u00f1a"},"content":{"rendered":"\n<p>Redacci\u00f3n\/Zona Roja.<\/p>\n\n\n\n<p>Oaxaca&nbsp; de Ju\u00e1rez, Oax., 18 de mayo de 2021.-&nbsp; Cientos de militantes y ex militantes del Movimiento de Regeneraci\u00f3n Nacional y Fuerza por M\u00e9xico se sumaron al proyecto de Javier Villaca\u00f1a Jim\u00e9nez, candidato a la presidencia municipal de Oaxaca, en un reconocimiento a su capacidad, honestidad y experiencia.<\/p>\n\n\n\n<p>Durante el recorrido por la agencia de Dolores, el bloque morenista encabezado por Manuel V\u00e1squez extern\u00f3 p\u00fablicamente su adhesi\u00f3n a la campa\u00f1a de Javier Villaca\u00f1a, al considerar que es la \u00fanica opci\u00f3n con experiencia para gobernar el municipio de&nbsp; Oaxaca de Ju\u00e1rez.<\/p>\n\n\n\n<p>\u201cLamentablemente el gobierno municipal actual no cumpli\u00f3 con nuestras expectativas, ni los compromisos de campa\u00f1a, por eso ahora vamos por la persona, m\u00e1s all\u00e1 de cualquier movimiento y lo hacemos por quien ha mostrado honestidad, que es lo que este bloque&nbsp; de gente est\u00e1 buscando\u201d, destac\u00f3 Manuel V\u00e1squez.<\/p>\n\n\n\n<p>En tanto, Javier Villaca\u00f1a agradeci\u00f3 la confianza de este numeroso grupo de personas y les dio la bienvenida a un proyecto de gesti\u00f3n plural e incluyente, donde existan alianzas entre las diversas posturas pol\u00edticas porque la prioridad son las familias.<\/p>\n\n\n\n<figure class=\"wp-block-embed-twitter wp-block-embed is-type-rich is-provider-twitter\"><div class=\"wp-block-embed__wrapper\">\n<div class=\"twitter-tweet\"><blockquote class=\"twitter-tweet\" data-lang=\"es\"><p lang=\"es\" dir=\"ltr\">\u00a1La uni\u00f3n hace la fuerza! Estoy convencido que trabajando de la mano de los ciudadanos, nada nos detendr\u00e1. Agradezco mucho el respaldo y la confianza que nos brindan nuestras vecinas y vecinos; en unidad, vamos a construir el futuro de <a href=\"https:\/\/twitter.com\/hashtag\/OaxacaDeJu%C3%A1rez?src=hash&amp;ref_src=twsrc%5Etfw\">#OaxacaDeJu\u00e1rez<\/a>. <a href=\"https:\/\/twitter.com\/hashtag\/JuntosLoHaremosDeNuevo?src=hash&amp;ref_src=twsrc%5Etfw\">#JuntosLoHaremosDeNuevo<\/a> <a href=\"https:\/\/t.co\/QQ6yOuqczf\">pic.twitter.com\/QQ6yOuqczf<\/a><\/p>&mdash; Javier Villaca\u00f1a (@JavierVillacana) <a href=\"https:\/\/twitter.com\/JavierVillacana\/status\/1394483143743246337?ref_src=twsrc%5Etfw\">18 de mayo de 2021<\/a><\/blockquote><\/div>\n<\/div><\/figure>\n\n\n\n<p>\u201cEstamos haciendo compromisos fuertes que tienen que ver con el bienestar de las familias y el desarrollo de nuestras colonias y agencias. Tenemos&nbsp; muy claro que merecen m\u00e1s los que menos tienen y no me queda duda que esta alianza no es un tema coyuntural de la elecci\u00f3n, sino el inicio de un trabajo en equipo por Oaxaca\u201d, asegur\u00f3.<\/p>\n\n\n\n<p>En ese sentido, el abanderado del PRI, PAN y PRD confirm\u00f3 que el 6 de junio es el inicio de un gobierno plural, incluyente, donde todas las ideolog\u00edas van a tener un lugar especial.&nbsp;<\/p>\n\n\n\n<p>A esta postura, se sum\u00f3 Omar Silva Escalona y Magaly Peralta Ju\u00e1rez, quienes renunciaron ante el IEEPCO a sus posiciones en la planilla a la presidencia municipal de&nbsp; Fuerza por M\u00e9xico para sumarse al proyecto pol\u00edtico de Javier Villaca\u00f1a, y junto con Martha Pazos Ortiz reforzar\u00e1n la campa\u00f1a del candidato puntero en las encuestas.<\/p>\n","protected":false},"excerpt":{"rendered":"<p>Redacci\u00f3n\/Zona Roja. Oaxaca&nbsp; de Ju\u00e1rez, Oax., 18 de mayo de 2021.-&nbsp; Cientos de militantes y&hellip;<\/p>\n","protected":false},"author":2,"featured_media":27382,"comment_status":"closed","ping_status":"open","sticky":false,"template":"","format":"standard","meta":{"_lmt_disableupdate":"","_lmt_disable":"","_jetpack_memberships_contains_paid_content":false,"footnotes":""},"categories":[109,46],"tags":[2456],"class_list":["post-27381","post","type-post","status-publish","format-standard","has-post-thumbnail","hentry","category-minuto-a-minuto","category-zona-blanca","tag-javier-villacana-jimenez"],"jetpack_featured_media_url":"https:\/\/zonaroja.com.mx\/wp-content\/uploads\/2021\/05\/Javier-Villacana-1.jpeg","jetpack_sharing_enabled":true,"_links":{"self":[{"href":"https:\/\/zonaroja.com.mx\/index.php?rest_route=\/wp\/v2\/posts\/27381","targetHints":{"allow":["GET"]}}],"collection":[{"href":"https:\/\/zonaroja.com.mx\/index.php?rest_route=\/wp\/v2\/posts"}],"about":[{"href":"https:\/\/zonaroja.com.mx\/index.php?rest_route=\/wp\/v2\/types\/post"}],"author":[{"embeddable":true,"href":"https:\/\/zonaroja.com.mx\/index.php?rest_route=\/wp\/v2\/users\/2"}],"replies":[{"embeddable":true,"href":"https:\/\/zonaroja.com.mx\/index.php?rest_route=%2Fwp%2Fv2%2Fcomments&post=27381"}],"version-history":[{"count":1,"href":"https:\/\/zonaroja.com.mx\/index.php?rest_route=\/wp\/v2\/posts\/27381\/revisions"}],"predecessor-version":[{"id":27383,"href":"https:\/\/zonaroja.com.mx\/index.php?rest_route=\/wp\/v2\/posts\/27381\/revisions\/27383"}],"wp:featuredmedia":[{"embeddable":true,"href":"https:\/\/zonaroja.com.mx\/index.php?rest_route=\/wp\/v2\/media\/27382"}],"wp:attachment":[{"href":"https:\/\/zonaroja.com.mx\/index.php?rest_route=%2Fwp%2Fv2%2Fmedia&parent=27381"}],"wp:term":[{"taxonomy":"category","embeddable":true,"href":"https:\/\/zonaroja.com.mx\/index.php?rest_route=%2Fwp%2Fv2%2Fcategories&post=27381"},{"taxonomy":"post_tag","embeddable":true,"href":"https:\/\/zonaroja.com.mx\/index.php?rest_route=%2Fwp%2Fv2%2Ftags&post=27381"}],"curies":[{"name":"wp","href":"https:\/\/api.w.org\/{rel}","templated":true}]}}