{"id":27384,"date":"2021-05-18T08:28:41","date_gmt":"2021-05-18T13:28:41","guid":{"rendered":"http:\/\/www.zonaroja.com.mx\/?p=27384"},"modified":"2021-05-18T08:28:47","modified_gmt":"2021-05-18T13:28:47","slug":"oaxaca-se-corona-en-la-informalidad-a-inicio-de-ano-con-80-de-poblacion","status":"publish","type":"post","link":"https:\/\/zonaroja.com.mx\/?p=27384","title":{"rendered":"Oaxaca se corona en la informalidad a inicio de a\u00f1o, con 80% de poblaci\u00f3n"},"content":{"rendered":"\n<p>Yuridiana Sosa\/Zona Roja.<\/p>\n\n\n\n<p>Oaxaca de Ju\u00e1rez, Oax., 18 de mayo de 2021.-\u00a0 Para el primer trimestre de 2021, Oaxaca se posicion\u00f3 como la entidad del pa\u00eds con la tasa m\u00e1s alta de informalidad laboral, de acuerdo a la Encuesta Nacional de Ocupaci\u00f3n y Empleo Nueva Edici\u00f3n (ENOEN) del Inegi, enero- marzo.<\/p>\n\n\n\n<p>Esta entidad registr\u00f3 el 79.7 por ciento de empleo informal, seguido por Guerrero con 76.1 por ciento y en tercer lugar Chiapas con 74.2 por ciento.<\/p>\n\n\n\n<p>Con estas cifras el estado increment\u00f3 ligeramente el empleo informal en comparaci\u00f3n al cierre del 2020, cuando el Inegi report\u00f3 una informalidad laboral de 78.5 por ciento y tambi\u00e9n se coloc\u00f3 en el primer lugar por estos datos.<\/p>\n\n\n\n<p>Respecto a la desocupaci\u00f3n, la ENOEN indic\u00f3 que las tasas m\u00e1s bajas las present\u00f3 Oaxaca con el 1.5 por ciento; Guerrero con el 1.7 por ciento y Morenos con el 2 por ciento.<\/p>\n\n\n\n<p>El reporte trimestral detall\u00f3 que en el aspecto de \u201ctrabajo asalariado\u201d y por \u201ccondiciones cr\u00edticas de ocupaci\u00f3n\u201d, &#8211; que involucran a la poblaci\u00f3n ocupada u otra variable clasificada en rangos de salarios m\u00ednimos son sensibles a los cambios en dichos salarios- Oaxaca registra un 45.6 y el 18.6 por ciento, respectivamente.<\/p>\n\n\n\n<p>Con relaci\u00f3n a la poblaci\u00f3n y tasa de ocupaci\u00f3n y desocupaci\u00f3n por ciudad, el municipio de Oaxaca de Ju\u00e1rez registr\u00f3 que el 61.8 por ciento de las personas mayores de 15 a\u00f1os se encuentran ocupadas y el 3.2 por ciento desocupada.<\/p>\n\n\n\n<p>Las cifras para la capital tambi\u00e9n indicaron que el 60 por ciento labora en la informalidad y el 30.5 por ciento en condiciones cr\u00edticas.<\/p>\n\n\n\n<p>EN LO NACIONAL<\/p>\n\n\n\n<p>A nivel nacional, el INEGI apunt\u00f3 que durante el primer trimestre de 2021 respecto al mismo periodo de 2020 se present\u00f3 una disminuci\u00f3n de 1.6 millones de personas en la Poblaci\u00f3n Econ\u00f3micamente Activa (PEA), al pasar de 57 millones a 55.4 millones.<\/p>\n\n\n\n<p>Mientras que la poblaci\u00f3n ocupada fue de 53 millones de personas, reportando una disminuci\u00f3n de 2.1 millones.<\/p>\n\n\n\n<p>En las actividades terciarias se notific\u00f3 el mayor impacto con un descenso de 1.9 millones de personas, con consecuencias mayores en el sector comercio con la reducci\u00f3n de 712 mil personas y en el sector de restaurantes y servicios de alojamiento con 656 mil.<\/p>\n\n\n\n<p>Las personas ocupadas en micronegocios tambi\u00e9n fueron afectadas, con 537 mil personas menos. Contrario a la poblaci\u00f3n subocupada, que aument\u00f3 2.7 millones, al pasar de 4.6 a 7.3 millones. Mientras que la tasa de desocupaci\u00f3n aument\u00f3 0.9 puntos porcentuales al pasar de 3.4 a 4.4% a nivel nacional.<\/p>\n","protected":false},"excerpt":{"rendered":"<p>Yuridiana Sosa\/Zona Roja. Oaxaca de Ju\u00e1rez, Oax., 18 de mayo de 2021.-\u00a0 Para el primer&hellip;<\/p>\n","protected":false},"author":2,"featured_media":27385,"comment_status":"closed","ping_status":"open","sticky":false,"template":"","format":"standard","meta":{"_lmt_disableupdate":"","_lmt_disable":"","_jetpack_memberships_contains_paid_content":false,"footnotes":""},"categories":[109,47],"tags":[],"class_list":["post-27384","post","type-post","status-publish","format-standard","has-post-thumbnail","hentry","category-minuto-a-minuto","category-zona-gris"],"jetpack_featured_media_url":"https:\/\/zonaroja.com.mx\/wp-content\/uploads\/2021\/05\/Ambulantaje-ciudad-de-Oaxaca.jpg","jetpack_sharing_enabled":true,"_links":{"self":[{"href":"https:\/\/zonaroja.com.mx\/index.php?rest_route=\/wp\/v2\/posts\/27384","targetHints":{"allow":["GET"]}}],"collection":[{"href":"https:\/\/zonaroja.com.mx\/index.php?rest_route=\/wp\/v2\/posts"}],"about":[{"href":"https:\/\/zonaroja.com.mx\/index.php?rest_route=\/wp\/v2\/types\/post"}],"author":[{"embeddable":true,"href":"https:\/\/zonaroja.com.mx\/index.php?rest_route=\/wp\/v2\/users\/2"}],"replies":[{"embeddable":true,"href":"https:\/\/zonaroja.com.mx\/index.php?rest_route=%2Fwp%2Fv2%2Fcomments&post=27384"}],"version-history":[{"count":1,"href":"https:\/\/zonaroja.com.mx\/index.php?rest_route=\/wp\/v2\/posts\/27384\/revisions"}],"predecessor-version":[{"id":27386,"href":"https:\/\/zonaroja.com.mx\/index.php?rest_route=\/wp\/v2\/posts\/27384\/revisions\/27386"}],"wp:featuredmedia":[{"embeddable":true,"href":"https:\/\/zonaroja.com.mx\/index.php?rest_route=\/wp\/v2\/media\/27385"}],"wp:attachment":[{"href":"https:\/\/zonaroja.com.mx\/index.php?rest_route=%2Fwp%2Fv2%2Fmedia&parent=27384"}],"wp:term":[{"taxonomy":"category","embeddable":true,"href":"https:\/\/zonaroja.com.mx\/index.php?rest_route=%2Fwp%2Fv2%2Fcategories&post=27384"},{"taxonomy":"post_tag","embeddable":true,"href":"https:\/\/zonaroja.com.mx\/index.php?rest_route=%2Fwp%2Fv2%2Ftags&post=27384"}],"curies":[{"name":"wp","href":"https:\/\/api.w.org\/{rel}","templated":true}]}}